{"id":15701,"date":"2020-04-09T19:00:10","date_gmt":"2020-04-09T22:00:10","guid":{"rendered":"https:\/\/blogs.correiobraziliense.com.br\/servidor\/?p=15701"},"modified":"2020-04-09T19:00:10","modified_gmt":"2020-04-09T22:00:10","slug":"servidores-do-tcu-fazem-campanha-para-ajudar-vitimas-do-coronavirus","status":"publish","type":"post","link":"https:\/\/blogs.correiobraziliense.com.br\/servidor\/servidores-do-tcu-fazem-campanha-para-ajudar-vitimas-do-coronavirus\/","title":{"rendered":"Servidores do TCU fazem campanha para ajudar v\u00edtimas do Coronav\u00edrus"},"content":{"rendered":"<p><em>Auditores e t\u00e9cnicos vestiram a camisa da solidariedade e iniciaram campanha para auxiliar a popula\u00e7\u00e3o afetada pela pandemia. &#8220;\u00c1gua, sab\u00e3o, uni\u00e3o e doa\u00e7\u00e3o&#8221; \u00e9 o nome da campanha, que criou uma vaquinha virtual,\u00a0A meta \u00e9 arrecadar R$100 mil. O dinheiro arrecadado ser\u00e1 auditado<\/em><\/p>\n<p>Diante do cen\u00e1rio de caos econ\u00f4mico e social causado pela pandemia do Coronav\u00edrus, os auditores federais do Tribunal de Contas da Uni\u00e3o (TCU), com servidores das carreiras de Estado est\u00e3o se mobilizando em uma a\u00e7\u00e3o social intitulada: \u201c\u00c1gua, sab\u00e3o, uni\u00e3o e doa\u00e7\u00e3o\u201d. A ideia \u00e9 chamar aten\u00e7\u00e3o para a import\u00e2ncia da uni\u00e3o da sociedade para ajudar quem mais precisa, al\u00e9m dos cuidados b\u00e1sicos de higiene necess\u00e1rios para combater o v\u00edrus.<\/p>\n<p>A Uni\u00e3o dos Auditores Federais de Controle Externo, que est\u00e1 \u00e0 frente da campanha, em parceria com o F\u00f3rum Nacional das Carreiras T\u00edpicas de Estado (Fonacate), criou uma \u201cvaquinha virtual\u201d, na qual os auditores, servidores e demais cidad\u00e3os podem acessar o link e cadastrar suas doa\u00e7\u00f5es. Elas ser\u00e3o direcionadas para institui\u00e7\u00f5es que est\u00e3o atuando no combate \u00e0 pandemia, e tamb\u00e9m a trabalhadores que est\u00e3o sendo amea\u00e7ados com medidas de cortes salariais e outros benef\u00edcios.<\/p>\n<p>De acordo com o presidente da Uni\u00e3o dos Auditores Federais de Controle Externo (Auditar), Wederson Moreira, o objetivo \u00e9 fazer uma verdadeira onda de solidariedade para auxiliar os brasileiros nesse momento de crise. \u201cTodos est\u00e3o sendo afetados pela pandemia. O com\u00e9rcio est\u00e1 parado, muitas pessoas perderam seus empregos e, al\u00e9m disso, foi aprovada a Medida Provis\u00f3ria 936\/2020, que prev\u00ea um corte de at\u00e9 100% nos sal\u00e1rios dos trabalhadores. O intuito dessa \u201cvaquinha\u201d \u00e9 ajudar as pessoas mais vulner\u00e1veis\u201d, explicou Moreira.<\/p>\n<p>\u201cEmbora os servidores p\u00fablicos tamb\u00e9m estejam sendo amea\u00e7ados com a redu\u00e7\u00e3o nos sal\u00e1rios, a Auditar acredita que \u00e9 fundamental refor\u00e7ar os la\u00e7os de uni\u00e3o e solidariedade para contribuir com a solidifica\u00e7\u00e3o da economia, ajudando quem mais precisa\u201d, complementou Moreira.<\/p>\n<p>A meta da associa\u00e7\u00e3o \u00e9 arrecadar R$100 mil reais. Todo o dinheiro arrecadado ser\u00e1 auditado de acordo com o projeto de doa\u00e7\u00e3o da campanha, que prev\u00ea que o montante vai para compra de mantimentos, materiais de limpeza, equipamentos de prote\u00e7\u00e3o, medicamentos, entre outros insumos necess\u00e1rios a entidades focadas em auxiliar os trabalhadores e demais pessoas acometidas pelo v\u00edrus.<\/p>\n<p>Para fazer doa\u00e7\u00e3o, acesse o link:<br \/>\nhttps:\/\/www.vakinha.com.br\/vaquinha\/agua-sabao-e-uniao-na-doacao<\/p>\n","protected":false},"excerpt":{"rendered":"<p>Auditores e t\u00e9cnicos vestiram a camisa da solidariedade e iniciaram campanha para auxiliar a popula\u00e7\u00e3o afetada pela pandemia. &#8220;\u00c1gua, sab\u00e3o, uni\u00e3o e doa\u00e7\u00e3o&#8221; \u00e9 o nome da campanha, que criou uma vaquinha virtual,\u00a0A meta \u00e9 arrecadar R$100 mil. O dinheiro arrecadado ser\u00e1 auditado Diante do cen\u00e1rio de caos econ\u00f4mico e social causado pela pandemia do Coronav\u00edrus, os auditores federais do [&hellip;]<\/p>\n","protected":false},"author":27,"featured_media":0,"comment_status":"open","ping_status":"closed","sticky":false,"template":"","format":"standard","meta":{"footnotes":""},"categories":[2719],"tags":[17260,31,305,16896,6050,482,545,58,351,635,2781,17261,5510],"class_list":["post-15701","post","type-post","status-publish","format-standard","hentry","category-servidor","tag-afetada","tag-auditores","tag-campanha","tag-coronavirus","tag-higiene","tag-materiais","tag-populacao","tag-servidores","tag-sociedade","tag-tcu","tag-tecnicos","tag-vaquinha-virtual","tag-vitimas"],"_links":{"self":[{"href":"https:\/\/blogs.correiobraziliense.com.br\/servidor\/wp-json\/wp\/v2\/posts\/15701","targetHints":{"allow":["GET"]}}],"collection":[{"href":"https:\/\/blogs.correiobraziliense.com.br\/servidor\/wp-json\/wp\/v2\/posts"}],"about":[{"href":"https:\/\/blogs.correiobraziliense.com.br\/servidor\/wp-json\/wp\/v2\/types\/post"}],"author":[{"embeddable":true,"href":"https:\/\/blogs.correiobraziliense.com.br\/servidor\/wp-json\/wp\/v2\/users\/27"}],"replies":[{"embeddable":true,"href":"https:\/\/blogs.correiobraziliense.com.br\/servidor\/wp-json\/wp\/v2\/comments?post=15701"}],"version-history":[{"count":1,"href":"https:\/\/blogs.correiobraziliense.com.br\/servidor\/wp-json\/wp\/v2\/posts\/15701\/revisions"}],"predecessor-version":[{"id":15703,"href":"https:\/\/blogs.correiobraziliense.com.br\/servidor\/wp-json\/wp\/v2\/posts\/15701\/revisions\/15703"}],"wp:attachment":[{"href":"https:\/\/blogs.correiobraziliense.com.br\/servidor\/wp-json\/wp\/v2\/media?parent=15701"}],"wp:term":[{"taxonomy":"category","embeddable":true,"href":"https:\/\/blogs.correiobraziliense.com.br\/servidor\/wp-json\/wp\/v2\/categories?post=15701"},{"taxonomy":"post_tag","embeddable":true,"href":"https:\/\/blogs.correiobraziliense.com.br\/servidor\/wp-json\/wp\/v2\/tags?post=15701"}],"curies":[{"name":"wp","href":"https:\/\/api.w.org\/{rel}","templated":true}]}}