{"id":15696,"date":"2020-04-09T17:24:49","date_gmt":"2020-04-09T20:24:49","guid":{"rendered":"https:\/\/blogs.correiobraziliense.com.br\/servidor\/?p=15696"},"modified":"2020-04-09T18:24:31","modified_gmt":"2020-04-09T21:24:31","slug":"covid-19-projeto-defende-adicional-de-insalubridade-de-40-para-profissionais-de-saude","status":"publish","type":"post","link":"https:\/\/blogs.correiobraziliense.com.br\/servidor\/covid-19-projeto-defende-adicional-de-insalubridade-de-40-para-profissionais-de-saude\/","title":{"rendered":"Covid-19: Projeto defende adicional de insalubridade de 40% para profissionais de sa\u00fade"},"content":{"rendered":"<p><em>A mat\u00e9ria est\u00e1 nas m\u00e3os do presidente da C\u00e2mara, Rodrigo Maia, e recebeu requerimento de urg\u00eancia para aprecia\u00e7\u00e3o no Plen\u00e1rio<\/em><\/p>\n<p>O Projeto de Lei 744\/20, de autoria dos deputados petistas Jos\u00e9 Ricardo (PT\/AM) e Carlos Veras (PT\/PE), garante o pagamento de adicional de insalubridade de 40%, calculado sobre o sal\u00e1rio, a trabalhadores da sa\u00fade p\u00fablica da Uni\u00e3o, estados e munic\u00edpios e tamb\u00e9m do setor privado. Caso o profissional j\u00e1 receba algum adicional de insalubridade em percentual menor, o projeto amplia o percentual para o m\u00e1ximo previsto (40%).<\/p>\n<p>Segundo Carlos Veras, a medida \u00e9 urgente e deve ser prioridade do Congresso Nacional. \u201cQuem est\u00e1 na linha de frente n\u00e3o pode parar, precisamos cuidar de quem cuida da gente. O adicional de insalubridade \u00e9 um reconhecimento m\u00ednimo a esses profissionais que t\u00eam sido os verdadeiros her\u00f3is desta guerra\u201d, avalia. Lembra que a\u00a0Constitui\u00e7\u00e3o Federal, art. 7\u00ba, inciso XXIII, prev\u00ea o pagamento de adicional de insalubridade, para os trabalhadores que exer\u00e7am atividades penosas, insalubres ou perigosas.<\/p>\n<p>Levantamento recente da Universidade Federal do Rio de Janeiro (UFRJ) mostra que profissionais de sa\u00fade da rede p\u00fablica daquele estado apresentam taxas de infec\u00e7\u00e3o pelo coronav\u00edrus de 25%. O percentual \u00e9 bem maior do que o registrado em pa\u00edses como Portugal (20%) e It\u00e1lia (15%).<\/p>\n<p>A mat\u00e9ria est\u00e1 nas m\u00e3os do presidente da C\u00e2mara, Rodrigo Maia, e recebeu, no dia 7 de abril, requerimento de urg\u00eancia para aprecia\u00e7\u00e3o no Plen\u00e1rio por meio do Sistema Remoto de Delibera\u00e7\u00e3o, informa o parlamentar. Link para o PL744\/20:\u00a0https:\/\/www.camara.leg.br\/proposicoesWeb\/fichadetramitacao?idProposicao=2239623<\/p>\n","protected":false},"excerpt":{"rendered":"<p>A mat\u00e9ria est\u00e1 nas m\u00e3os do presidente da C\u00e2mara, Rodrigo Maia, e recebeu requerimento de urg\u00eancia para aprecia\u00e7\u00e3o no Plen\u00e1rio O Projeto de Lei 744\/20, de autoria dos deputados petistas Jos\u00e9 Ricardo (PT\/AM) e Carlos Veras (PT\/PE), garante o pagamento de adicional de insalubridade de 40%, calculado sobre o sal\u00e1rio, a trabalhadores da sa\u00fade p\u00fablica da Uni\u00e3o, estados e munic\u00edpios [&hellip;]<\/p>\n","protected":false},"author":27,"featured_media":0,"comment_status":"open","ping_status":"closed","sticky":false,"template":"","format":"standard","meta":{"footnotes":""},"categories":[2719],"tags":[2046,61,17256,943,6314,944,17258,2776,1075,101,1959,643,616,19,1960],"class_list":["post-15696","post","type-post","status-publish","format-standard","hentry","category-servidor","tag-adicional","tag-camara","tag-covid-19","tag-estados","tag-insalubridade","tag-municipios","tag-pl-744-20","tag-plenario","tag-profissionais","tag-projeto","tag-requerimento","tag-salario","tag-saude","tag-trabalhadores","tag-urgencia"],"_links":{"self":[{"href":"https:\/\/blogs.correiobraziliense.com.br\/servidor\/wp-json\/wp\/v2\/posts\/15696","targetHints":{"allow":["GET"]}}],"collection":[{"href":"https:\/\/blogs.correiobraziliense.com.br\/servidor\/wp-json\/wp\/v2\/posts"}],"about":[{"href":"https:\/\/blogs.correiobraziliense.com.br\/servidor\/wp-json\/wp\/v2\/types\/post"}],"author":[{"embeddable":true,"href":"https:\/\/blogs.correiobraziliense.com.br\/servidor\/wp-json\/wp\/v2\/users\/27"}],"replies":[{"embeddable":true,"href":"https:\/\/blogs.correiobraziliense.com.br\/servidor\/wp-json\/wp\/v2\/comments?post=15696"}],"version-history":[{"count":2,"href":"https:\/\/blogs.correiobraziliense.com.br\/servidor\/wp-json\/wp\/v2\/posts\/15696\/revisions"}],"predecessor-version":[{"id":15700,"href":"https:\/\/blogs.correiobraziliense.com.br\/servidor\/wp-json\/wp\/v2\/posts\/15696\/revisions\/15700"}],"wp:attachment":[{"href":"https:\/\/blogs.correiobraziliense.com.br\/servidor\/wp-json\/wp\/v2\/media?parent=15696"}],"wp:term":[{"taxonomy":"category","embeddable":true,"href":"https:\/\/blogs.correiobraziliense.com.br\/servidor\/wp-json\/wp\/v2\/categories?post=15696"},{"taxonomy":"post_tag","embeddable":true,"href":"https:\/\/blogs.correiobraziliense.com.br\/servidor\/wp-json\/wp\/v2\/tags?post=15696"}],"curies":[{"name":"wp","href":"https:\/\/api.w.org\/{rel}","templated":true}]}}