{"id":15689,"date":"2020-03-09T18:22:01","date_gmt":"2020-03-09T21:22:01","guid":{"rendered":"https:\/\/blogs.correiobraziliense.com.br\/servidor\/?p=15689"},"modified":"2020-03-09T18:22:01","modified_gmt":"2020-03-09T21:22:01","slug":"trabalhadores-da-caixa-fazem-dia-de-mobilizacao-contra-venda-e-reestruturacao-do-banco","status":"publish","type":"post","link":"https:\/\/blogs.correiobraziliense.com.br\/servidor\/trabalhadores-da-caixa-fazem-dia-de-mobilizacao-contra-venda-e-reestruturacao-do-banco\/","title":{"rendered":"Trabalhadores da Caixa fazem dia de mobiliza\u00e7\u00e3o contra venda e reestrutura\u00e7\u00e3o do banco"},"content":{"rendered":"<p><em><strong>Manifesta\u00e7\u00f5es ser\u00e3o em todo o pa\u00eds, especialmente em ag\u00eancias e unidades onde foram identificadas \u201ca\u00e7\u00f5es de abuso\u201d contra empregados, informa a Fenae .\u00a0Em Bras\u00edlia, ser\u00e1 na Matriz 1 (sede da Caixa Cultural), \u00e0s 12 horas<\/strong><\/em><\/p>\n<p>Banc\u00e1rios da Caixa Econ\u00f4mica Federal se mobilizam em todo o pa\u00eds, nesta ter\u00e7a-feira (10), contra os processos de privatiza\u00e7\u00e3o e reestrutura\u00e7\u00e3o do banco. As a\u00e7\u00f5es, coordenadas pela Comiss\u00e3o Executiva dos Empregados (CEE\/Caixa) e sindicatos, incluem manifesta\u00e7\u00f5es e reuni\u00f5es em locais de trabalho; especialmente, em ag\u00eancias e outras unidades onde foram identificadas as chamadas \u201cmedidas administrativas ou a\u00e7\u00f5es de abuso\u201d, caracterizadas por descomissionamentos sum\u00e1rios e transfer\u00eancia arbitr\u00e1ria de empregados.<\/p>\n<p>O objetivo da mobiliza\u00e7\u00e3o \u00e9 impedir as mudan\u00e7as planejadas pela dire\u00e7\u00e3o do banco, que, segundo a Federa\u00e7\u00e3o Nacional das Associa\u00e7\u00f5es do Pessoal da Caixa (Fenae), j\u00e1 est\u00e3o comprometendo a qualidade do atendimento \u00e0 popula\u00e7\u00e3o e as condi\u00e7\u00f5es de trabalho dos empregados, al\u00e9m de impactarem negativamente na economia dos munic\u00edpios.<\/p>\n<p>\u201cO que o governo quer fazer com a Caixa \u2014 banco que ainda \u00e9 100% dos brasileiros \u2014 vai afetar, sobretudo, a popula\u00e7\u00e3o mais pobre, que n\u00e3o \u00e9 prioridade para os bancos privados\u201d, destaca o presidente da Fenae, Jair Pedro Ferreira. \u201cAl\u00e9m de comprometer a fun\u00e7\u00e3o social da institui\u00e7\u00e3o, que responde por 70% de todo o financiamento habitacional, chegando a 95% em alguns munic\u00edpios\u201d, acrescenta.<\/p>\n<p>Segundo Ferreira, entre 2015 e 2019, houve uma redu\u00e7\u00e3o de quase 71% no cr\u00e9dito para micro e pequenas empresas e de 30% no cr\u00e9dito agr\u00edcola. \u201cTodas as opera\u00e7\u00f5es de cr\u00e9dito da Caixa est\u00e3o caindo e o atendimento \u00e0 popula\u00e7\u00e3o est\u00e1 ficando cada vez mais prec\u00e1rio\u201d, alerta o presidente da Fenae.<\/p>\n<p>\u201cEssa reestrutura\u00e7\u00e3o desrespeitosa e antidemocr\u00e1tica vem sendo promovida pela dire\u00e7\u00e3o do banco sem qualquer negocia\u00e7\u00e3o com os representantes dos trabalhadores\u201d, observa Dion\u00edsio Reis, coordenador da CEE e diretor da Fenae na Regi\u00e3o Sudeste.<\/p>\n<p>Em Bras\u00edlia, a mobiliza\u00e7\u00e3o ocorrer\u00e1 na Matriz 1 (sede da Caixa Cultural), \u00e0s 12h. No pr\u00f3ximo dia 18, os banc\u00e1rios participam do \u201cDia de Defesa do que \u00e9 P\u00fablico\u201d, realizado em conjunto com outras categorias do funcionalismo e as centrais sindicais.<\/p>\n","protected":false},"excerpt":{"rendered":"<p>Manifesta\u00e7\u00f5es ser\u00e3o em todo o pa\u00eds, especialmente em ag\u00eancias e unidades onde foram identificadas \u201ca\u00e7\u00f5es de abuso\u201d contra empregados, informa a Fenae .\u00a0Em Bras\u00edlia, ser\u00e1 na Matriz 1 (sede da Caixa Cultural), \u00e0s 12 horas Banc\u00e1rios da Caixa Econ\u00f4mica Federal se mobilizam em todo o pa\u00eds, nesta ter\u00e7a-feira (10), contra os processos de privatiza\u00e7\u00e3o e reestrutura\u00e7\u00e3o do banco. As a\u00e7\u00f5es, [&hellip;]<\/p>\n","protected":false},"author":27,"featured_media":0,"comment_status":"open","ping_status":"closed","sticky":false,"template":"","format":"standard","meta":{"footnotes":""},"categories":[2719],"tags":[879,551,4943,1767,4484,16335,6385,481,1376,3801,19],"class_list":["post-15689","post","type-post","status-publish","format-standard","hentry","category-servidor","tag-agencias","tag-atendimento","tag-caixa-economica","tag-credito","tag-direcao","tag-fenae","tag-imobiliario","tag-mobilizacao","tag-reestruturacao","tag-sindicatos","tag-trabalhadores"],"_links":{"self":[{"href":"https:\/\/blogs.correiobraziliense.com.br\/servidor\/wp-json\/wp\/v2\/posts\/15689","targetHints":{"allow":["GET"]}}],"collection":[{"href":"https:\/\/blogs.correiobraziliense.com.br\/servidor\/wp-json\/wp\/v2\/posts"}],"about":[{"href":"https:\/\/blogs.correiobraziliense.com.br\/servidor\/wp-json\/wp\/v2\/types\/post"}],"author":[{"embeddable":true,"href":"https:\/\/blogs.correiobraziliense.com.br\/servidor\/wp-json\/wp\/v2\/users\/27"}],"replies":[{"embeddable":true,"href":"https:\/\/blogs.correiobraziliense.com.br\/servidor\/wp-json\/wp\/v2\/comments?post=15689"}],"version-history":[{"count":1,"href":"https:\/\/blogs.correiobraziliense.com.br\/servidor\/wp-json\/wp\/v2\/posts\/15689\/revisions"}],"predecessor-version":[{"id":15690,"href":"https:\/\/blogs.correiobraziliense.com.br\/servidor\/wp-json\/wp\/v2\/posts\/15689\/revisions\/15690"}],"wp:attachment":[{"href":"https:\/\/blogs.correiobraziliense.com.br\/servidor\/wp-json\/wp\/v2\/media?parent=15689"}],"wp:term":[{"taxonomy":"category","embeddable":true,"href":"https:\/\/blogs.correiobraziliense.com.br\/servidor\/wp-json\/wp\/v2\/categories?post=15689"},{"taxonomy":"post_tag","embeddable":true,"href":"https:\/\/blogs.correiobraziliense.com.br\/servidor\/wp-json\/wp\/v2\/tags?post=15689"}],"curies":[{"name":"wp","href":"https:\/\/api.w.org\/{rel}","templated":true}]}}