{"id":15660,"date":"2020-03-06T15:38:59","date_gmt":"2020-03-06T18:38:59","guid":{"rendered":"https:\/\/blogs.correiobraziliense.com.br\/servidor\/?p=15660"},"modified":"2020-03-06T15:42:20","modified_gmt":"2020-03-06T18:42:20","slug":"unafisco-nota-de-repudio-as-declaracoes-do-presidente-da-republica-contra-a-receita-federal","status":"publish","type":"post","link":"https:\/\/blogs.correiobraziliense.com.br\/servidor\/unafisco-nota-de-repudio-as-declaracoes-do-presidente-da-republica-contra-a-receita-federal\/","title":{"rendered":"Unafisco &#8211; Nota de rep\u00fadio \u00e0s declara\u00e7\u00f5es do presidente da Rep\u00fablica contra a Receita Federal"},"content":{"rendered":"<p><em>A Associa\u00e7\u00e3o Nacional dos Auditores Fiscais da Receita Federal (Unafisco), categoria que votou em massa nessa gest\u00e3o, se indignou com Bolsonaro. Na noite de ontem, o presidente divulgou falou contra o \u00f3rg\u00e3o. &#8220;\u00c9 impressionante. O Paulo Guedes ficou at\u00e9 meio assustado, n\u00e9? Como a Receita atrapalha em algumas \u00e1reas o desenvolvimento do Brasil. \u00c9 coisa terr\u00edvel a burocracia, terr\u00edvel&#8221;. Para a Unafisco, &#8220;quem atrapalha o pa\u00eds s\u00e3o as autoridades p\u00fablicas que promovem ass\u00e9dio institucional contra seus pr\u00f3prios \u00f3rg\u00e3os, em vez de fortalec\u00ea-los&#8221;<\/em><\/p>\n<p>Veja a nota:<\/p>\n<p>&#8220;N\u00e3o se sabe exatamente quais foram os relatos dos empres\u00e1rios que fizeram o chefe do Poder Executivo dizer que a Receita Federal atrapalha o desenvolvimento do Pa\u00eds. Mas, para um segmento da sociedade que possui uma parcela consider\u00e1vel que \u00e9 pouca afeita a pagar impostos e acostumada a afagos do governo (os grandes contribuintes recebem todos os anos privil\u00e9gios tribut\u00e1rios e ren\u00fancias fiscais ineficientes de mais de R$ 325 bilh\u00f5es), reclamar do Fisco \u00e0 maior autoridade pol\u00edtica do Pa\u00eds \u00e9 o esporte nacional.<\/p>\n<p>Quem atrapalha o desenvolvimento do Pa\u00eds s\u00e3o os setores atrasados do empresariado brasileiro que em vez de gerar empregos e investir em infraestrutura e tecnologia, passam a maior parte de seu tempo fazendo lobby para encontrar novas maneiras de explorar o Estado e penalizar a Na\u00e7\u00e3o.<\/p>\n<p>Quem atrapalha o Pa\u00eds s\u00e3o as autoridades p\u00fablicas que promovem ass\u00e9dio institucional contra seus pr\u00f3prios \u00f3rg\u00e3os, em vez de fortalec\u00ea-los.<\/p>\n<p>Quem atrapalha o Pa\u00eds \u00e9 a equipe econ\u00f4mica que n\u00e3o investe na administra\u00e7\u00e3o tribut\u00e1ria, ao contr\u00e1rio, age diariamente para fragiliz\u00e1-la. Uma administra\u00e7\u00e3o tribut\u00e1ria fr\u00e1gil n\u00e3o combate adequadamente o contrabando e descaminho que fragilizam a seguran\u00e7a p\u00fablica e enfraquecem a ind\u00fastria nacional. Uma administra\u00e7\u00e3o tribut\u00e1ria fr\u00e1gil n\u00e3o combate a sonega\u00e7\u00e3o, que supera anualmente a casa dos R$ 400 bilh\u00f5es, distorcendo a concorr\u00eancia saud\u00e1vel, desestimulando investimentos de empreendedores s\u00e9rios e sufocando as contas p\u00fablicas.<\/p>\n<p>Os ataques do chefe do poder executivo \u00e0 sua pr\u00f3pria equipe de Auditores Fiscais, que se veem a cada dia mais vitimados pelo ass\u00e9dio institucional, \u00e9 um cen\u00e1rio que n\u00e3o se pode tolerar. A RFB \u00e9 um \u00f3rg\u00e3o de Estado dos brasileiros, n\u00e3o de um governo transit\u00f3rio que n\u00e3o tem apre\u00e7o pelo servidor p\u00fablico e incentiva atos que atentam contra os poderes da Rep\u00fablica.&#8221;<\/p>\n","protected":false},"excerpt":{"rendered":"<p>A Associa\u00e7\u00e3o Nacional dos Auditores Fiscais da Receita Federal (Unafisco), categoria que votou em massa nessa gest\u00e3o, se indignou com Bolsonaro. Na noite de ontem, o presidente divulgou falou contra o \u00f3rg\u00e3o. &#8220;\u00c9 impressionante. O Paulo Guedes ficou at\u00e9 meio assustado, n\u00e9? Como a Receita atrapalha em algumas \u00e1reas o desenvolvimento do Brasil. \u00c9 coisa terr\u00edvel a burocracia, terr\u00edvel&#8221;. Para [&hellip;]<\/p>\n","protected":false},"author":27,"featured_media":0,"comment_status":"open","ping_status":"closed","sticky":false,"template":"","format":"standard","meta":{"footnotes":""},"categories":[2719],"tags":[1870,17244,1935,3895,1218,3355,2138,13649,37,198,17243,294,1217,3823],"class_list":["post-15660","post","type-post","status-publish","format-standard","hentry","category-servidor","tag-assedio","tag-atrapalha","tag-autoridades","tag-burocracia","tag-declaracoes","tag-desenvolvimento","tag-institucional","tag-jair-bolsonaro","tag-nota","tag-pais","tag-presdente-da-republica","tag-receita-federal","tag-repudio","tag-unafisco"],"_links":{"self":[{"href":"https:\/\/blogs.correiobraziliense.com.br\/servidor\/wp-json\/wp\/v2\/posts\/15660","targetHints":{"allow":["GET"]}}],"collection":[{"href":"https:\/\/blogs.correiobraziliense.com.br\/servidor\/wp-json\/wp\/v2\/posts"}],"about":[{"href":"https:\/\/blogs.correiobraziliense.com.br\/servidor\/wp-json\/wp\/v2\/types\/post"}],"author":[{"embeddable":true,"href":"https:\/\/blogs.correiobraziliense.com.br\/servidor\/wp-json\/wp\/v2\/users\/27"}],"replies":[{"embeddable":true,"href":"https:\/\/blogs.correiobraziliense.com.br\/servidor\/wp-json\/wp\/v2\/comments?post=15660"}],"version-history":[{"count":1,"href":"https:\/\/blogs.correiobraziliense.com.br\/servidor\/wp-json\/wp\/v2\/posts\/15660\/revisions"}],"predecessor-version":[{"id":15661,"href":"https:\/\/blogs.correiobraziliense.com.br\/servidor\/wp-json\/wp\/v2\/posts\/15660\/revisions\/15661"}],"wp:attachment":[{"href":"https:\/\/blogs.correiobraziliense.com.br\/servidor\/wp-json\/wp\/v2\/media?parent=15660"}],"wp:term":[{"taxonomy":"category","embeddable":true,"href":"https:\/\/blogs.correiobraziliense.com.br\/servidor\/wp-json\/wp\/v2\/categories?post=15660"},{"taxonomy":"post_tag","embeddable":true,"href":"https:\/\/blogs.correiobraziliense.com.br\/servidor\/wp-json\/wp\/v2\/tags?post=15660"}],"curies":[{"name":"wp","href":"https:\/\/api.w.org\/{rel}","templated":true}]}}