{"id":15636,"date":"2020-03-04T12:52:06","date_gmt":"2020-03-04T15:52:06","guid":{"rendered":"https:\/\/blogs.correiobraziliense.com.br\/servidor\/?p=15636"},"modified":"2020-03-04T12:52:06","modified_gmt":"2020-03-04T15:52:06","slug":"confies-critica-extincao-de-fundos-da-ciencia-e-da-educacao-pela-pec-187","status":"publish","type":"post","link":"https:\/\/blogs.correiobraziliense.com.br\/servidor\/confies-critica-extincao-de-fundos-da-ciencia-e-da-educacao-pela-pec-187\/","title":{"rendered":"Confies critica extin\u00e7\u00e3o de fundos da ci\u00eancia e da educa\u00e7\u00e3o pela PEC 187"},"content":{"rendered":"<p><em>A eventual extin\u00e7\u00e3o do FNDCT e do Fundo Social geraria perdas bilion\u00e1rias para ci\u00eancia e educa\u00e7\u00e3o nos pr\u00f3ximos anos, calculou o presidente do Confies, Fernando Peregrino. Representantes das comunidades cient\u00edfica e acad\u00eamica est\u00e3o mobilizados em Bras\u00edlia, em torno da vota\u00e7\u00e3o da PEC 187\/2019, nesta quarta-feira (4\/3), no Congresso Nacional.<\/em><\/p>\n<p>Fernando Peregrino, presidente do\u00a0Conselho Nacional das Funda\u00e7\u00f5es de Apoio \u00e0s Institui\u00e7\u00f5es de Ensino Superior e de Pesquisa Cient\u00edfica e Tecnol\u00f3gica (Confies), reitera as cr\u00edticas \u00e0 Proposta de Emenda \u00e0 Constitui\u00e7\u00e3o (PEC) 187\/2019 que prev\u00ea a extin\u00e7\u00e3o de fundos p\u00fablicos que canalizam recursos para ci\u00eancia, educa\u00e7\u00e3o e outras \u00e1reas sociais priorit\u00e1rias, como a do meio ambiente. A PEC \u00e9 um dos primeiros itens da pauta da Comiss\u00e3o de Constitui\u00e7\u00e3o e Justi\u00e7a (CCJ) do Senado desta quarta-feira, 4, para permitir ao governo usar para outras finalidades o dinheiro dos fundos infraconstitucionais e vinculados a \u00e1reas espec\u00edficas, como a ci\u00eancia e educa\u00e7\u00e3o.<\/p>\n<p>O titular do Confies, Peregrino calcula que a eventual aprova\u00e7\u00e3o dessa PEC geraria perdas bilion\u00e1rias para ci\u00eancia e educa\u00e7\u00e3o, principalmente. Entre os fundos amea\u00e7ados de extin\u00e7\u00e3o est\u00e3o o Fundo Nacional de Desenvolvimento Cient\u00edfico e Tecnol\u00f3gico (FNDCT), principal fonte de fomento da inova\u00e7\u00e3o e do desenvolvimento cient\u00edfico e tecnol\u00f3gico nacional \u2013 gerenciado pela Finep; e o Fundo Social que destina 50% da receita do petr\u00f3leo extra\u00eddo da camada pr\u00e9-sal para educa\u00e7\u00e3o p\u00fablica.<\/p>\n<p>Conforme Peregrino, no per\u00edodo de 12 anos, entre 2020 e 2032, considerados somente os contratos de partilha j\u00e1 assinados, a Uni\u00e3o deve arrecadar algo em torno de R$ 424 bilh\u00f5es do Fundo Social, dos quais 50% deveriam ser destinados \u00e0 educa\u00e7\u00e3o, o equivalente a R$ 212 bilh\u00f5es no per\u00edodo.<\/p>\n<p>\u201cA extin\u00e7\u00e3o do Fundo Social do Pr\u00e9-Sal e do FNDCT representa violento ataque \u00e0 ci\u00eancia e o financiamento da educa\u00e7\u00e3o p\u00fablica\u201d, lamenta Peregrino.<\/p>\n<p>Para o presidente do Confies, a eventual extin\u00e7\u00e3o dos dois fundos, principalmente, deve agravar ainda mais o cen\u00e1rio interno, exatamente no momento em que o Brasil deveria aumentar investimentos em pesquisas para preservar a sociedade brasileira de amea\u00e7as de v\u00edrus estrangeiros \u2013 como o coronav\u00edrus \u2013; e tamb\u00e9m ajudar o Pa\u00eds a sair da crise econ\u00f4mica, agregando valor aos produtos b\u00e1sicos nacionais.<\/p>\n<p>Peregrino destaca que h\u00e1 anos a ci\u00eancia brasileira vive sob ataques, em decorr\u00eancia da pol\u00edtica de austeridade fiscal. Por exemplo, em 2019 a receita do FNDCT totalizou R$ 5,65 bilh\u00f5es, por\u00e9m, a Finep conseguiu empenhar menos da metade (R$ 2,26 bilh\u00f5es) do total, sendo R$ 1,41 bilh\u00e3o empenhados no financiamento de projetos de desenvolvimento tecnol\u00f3gico de empresas.<\/p>\n<p>\u201cPrecisamos pressionar o Congresso Nacional para que rejeite a PEC 187\/19, ou no m\u00ednimo, para que os seus impactos no financiamento da educa\u00e7\u00e3o p\u00fablica e da ci\u00eancia e tecnologia sejam mitigados. Estamos juntos com a SPBC, ABC, Confap, Consecti (Conselho Nacional de Secret\u00e1rios para Assuntos de Ci\u00eancia Tecnologia e Inova\u00e7\u00e3o), Confies por meio da ICTBR\u201d, refor\u00e7a Peregrino. Representantes das comunidades cient\u00edfica e acad\u00eamica est\u00e3o mobilizados em Bras\u00edlia, em torno da vota\u00e7\u00e3o da PEC, nesta quarta-feira (4\/3), no Congresso Nacional.<\/p>\n","protected":false},"excerpt":{"rendered":"<p>A eventual extin\u00e7\u00e3o do FNDCT e do Fundo Social geraria perdas bilion\u00e1rias para ci\u00eancia e educa\u00e7\u00e3o nos pr\u00f3ximos anos, calculou o presidente do Confies, Fernando Peregrino. Representantes das comunidades cient\u00edfica e acad\u00eamica est\u00e3o mobilizados em Bras\u00edlia, em torno da vota\u00e7\u00e3o da PEC 187\/2019, nesta quarta-feira (4\/3), no Congresso Nacional. Fernando Peregrino, presidente do\u00a0Conselho Nacional das Funda\u00e7\u00f5es de Apoio \u00e0s Institui\u00e7\u00f5es [&hellip;]<\/p>\n","protected":false},"author":27,"featured_media":0,"comment_status":"open","ping_status":"closed","sticky":false,"template":"","format":"standard","meta":{"footnotes":""},"categories":[2719],"tags":[2187,5332,14193,14188,693,14192,374,48,11610,5421,17226,218,16523,98,17228,16499,668,1002,316,696,17227,1498],"class_list":["post-15636","post","type-post","status-publish","format-standard","hentry","category-servidor","tag-ccj","tag-ciencia","tag-confap","tag-confies","tag-congresso-nacional","tag-consecti","tag-dinheiro","tag-educacao","tag-exincao","tag-financimaento","tag-fndct","tag-fundos","tag-fundos-publicos","tag-governo","tag-ictbr","tag-pec-187-2019","tag-perdas","tag-pre-sal","tag-recursos","tag-senado","tag-spbc","tag-votacao"],"_links":{"self":[{"href":"https:\/\/blogs.correiobraziliense.com.br\/servidor\/wp-json\/wp\/v2\/posts\/15636","targetHints":{"allow":["GET"]}}],"collection":[{"href":"https:\/\/blogs.correiobraziliense.com.br\/servidor\/wp-json\/wp\/v2\/posts"}],"about":[{"href":"https:\/\/blogs.correiobraziliense.com.br\/servidor\/wp-json\/wp\/v2\/types\/post"}],"author":[{"embeddable":true,"href":"https:\/\/blogs.correiobraziliense.com.br\/servidor\/wp-json\/wp\/v2\/users\/27"}],"replies":[{"embeddable":true,"href":"https:\/\/blogs.correiobraziliense.com.br\/servidor\/wp-json\/wp\/v2\/comments?post=15636"}],"version-history":[{"count":1,"href":"https:\/\/blogs.correiobraziliense.com.br\/servidor\/wp-json\/wp\/v2\/posts\/15636\/revisions"}],"predecessor-version":[{"id":15637,"href":"https:\/\/blogs.correiobraziliense.com.br\/servidor\/wp-json\/wp\/v2\/posts\/15636\/revisions\/15637"}],"wp:attachment":[{"href":"https:\/\/blogs.correiobraziliense.com.br\/servidor\/wp-json\/wp\/v2\/media?parent=15636"}],"wp:term":[{"taxonomy":"category","embeddable":true,"href":"https:\/\/blogs.correiobraziliense.com.br\/servidor\/wp-json\/wp\/v2\/categories?post=15636"},{"taxonomy":"post_tag","embeddable":true,"href":"https:\/\/blogs.correiobraziliense.com.br\/servidor\/wp-json\/wp\/v2\/tags?post=15636"}],"curies":[{"name":"wp","href":"https:\/\/api.w.org\/{rel}","templated":true}]}}