{"id":15626,"date":"2020-03-04T11:36:32","date_gmt":"2020-03-04T14:36:32","guid":{"rendered":"https:\/\/blogs.correiobraziliense.com.br\/servidor\/?p=15626"},"modified":"2020-03-04T11:40:44","modified_gmt":"2020-03-04T14:40:44","slug":"camargo-garante-que-fica-na-fundacao-palmares","status":"publish","type":"post","link":"https:\/\/blogs.correiobraziliense.com.br\/servidor\/camargo-garante-que-fica-na-fundacao-palmares\/","title":{"rendered":"Camargo garante que fica na Funda\u00e7\u00e3o Palmares"},"content":{"rendered":"<p><em>Pelas redes sociais, o presidente da Funda\u00e7\u00e3o Cultural Palmares, S\u00e9rgio Camargo, diz que &#8220;est\u00e1 confirmad\u00edssimo na presid\u00eancia, com o respaldo do presidente Jair Bolsonaro e do ministro do Turismo, Marcelo \u00c1lvaro Ant\u00f4nio&#8221;. A secret\u00e1ria de Cultura, Regina Duarte, toma posse nesse momento e ainda n\u00e3o falou sobre o assunto<br \/>\n<\/em><\/p>\n<p>Em uma das publica\u00e7\u00f5es, Camargo aparece ao lado de Bolsonaro. Em outras, al\u00e9m de se confirmar no cargo, ele amea\u00e7a processes uma &#8220;revista&#8221; ou &#8220;jornal&#8221; e defende o termo &#8220;mulato&#8221;, que segundo ele, n\u00e3o \u00e9 ofensivo aos mesti\u00e7os e n\u00e3o deriva de &#8220;mula&#8221;. &#8220;Libertem-se da ditadura do politicamente correto!&#8221;, aconselha.<\/p>\n<p>Veja:<\/p>\n<p>&nbsp;<\/p>\n<p>&nbsp;<\/p>\n<p><img loading=\"lazy\" decoding=\"async\" class=\" wp-image-15627 aligncenter\" src=\"https:\/\/blogs.correiobraziliense.com.br\/servidor\/wp-content\/uploads\/sites\/10\/2020\/03\/camargo-e-bozo-1010x1024.jpeg\" alt=\"\" width=\"628\" height=\"637\" srcset=\"https:\/\/blogs.correiobraziliense.com.br\/servidor\/wp-content\/uploads\/sites\/10\/2020\/03\/camargo-e-bozo.jpeg 1010w, https:\/\/blogs.correiobraziliense.com.br\/servidor\/wp-content\/uploads\/sites\/10\/2020\/03\/camargo-e-bozo-296x300.jpeg 296w, https:\/\/blogs.correiobraziliense.com.br\/servidor\/wp-content\/uploads\/sites\/10\/2020\/03\/camargo-e-bozo-768x779.jpeg 768w, https:\/\/blogs.correiobraziliense.com.br\/servidor\/wp-content\/uploads\/sites\/10\/2020\/03\/camargo-e-bozo-345x350.jpeg 345w, https:\/\/blogs.correiobraziliense.com.br\/servidor\/wp-content\/uploads\/sites\/10\/2020\/03\/camargo-e-bozo-550x558.jpeg 550w, https:\/\/blogs.correiobraziliense.com.br\/servidor\/wp-content\/uploads\/sites\/10\/2020\/03\/camargo-e-bozo-230x233.jpeg 230w\" sizes=\"auto, (max-width: 628px) 100vw, 628px\" \/><\/p>\n<p>&nbsp;<\/p>\n<p><img loading=\"lazy\" decoding=\"async\" class=\"size-large wp-image-15628 aligncenter\" src=\"https:\/\/blogs.correiobraziliense.com.br\/servidor\/wp-content\/uploads\/sites\/10\/2020\/03\/camargo-fica-473x1024.jpeg\" alt=\"\" width=\"473\" height=\"1024\" srcset=\"https:\/\/blogs.correiobraziliense.com.br\/servidor\/wp-content\/uploads\/sites\/10\/2020\/03\/camargo-fica-473x1024.jpeg 473w, https:\/\/blogs.correiobraziliense.com.br\/servidor\/wp-content\/uploads\/sites\/10\/2020\/03\/camargo-fica-139x300.jpeg 139w, https:\/\/blogs.correiobraziliense.com.br\/servidor\/wp-content\/uploads\/sites\/10\/2020\/03\/camargo-fica-162x350.jpeg 162w, https:\/\/blogs.correiobraziliense.com.br\/servidor\/wp-content\/uploads\/sites\/10\/2020\/03\/camargo-fica-550x1191.jpeg 550w, https:\/\/blogs.correiobraziliense.com.br\/servidor\/wp-content\/uploads\/sites\/10\/2020\/03\/camargo-fica-230x498.jpeg 230w, https:\/\/blogs.correiobraziliense.com.br\/servidor\/wp-content\/uploads\/sites\/10\/2020\/03\/camargo-fica.jpeg 591w\" sizes=\"auto, (max-width: 473px) 100vw, 473px\" \/><\/p>\n<p>&nbsp;<\/p>\n<p>&nbsp;<\/p>\n<p><img loading=\"lazy\" decoding=\"async\" class=\"alignright size-large wp-image-15629\" src=\"https:\/\/blogs.correiobraziliense.com.br\/servidor\/wp-content\/uploads\/sites\/10\/2020\/03\/camargo-fica-1-473x1024.jpeg\" alt=\"\" width=\"473\" height=\"1024\" srcset=\"https:\/\/blogs.correiobraziliense.com.br\/servidor\/wp-content\/uploads\/sites\/10\/2020\/03\/camargo-fica-1-473x1024.jpeg 473w, https:\/\/blogs.correiobraziliense.com.br\/servidor\/wp-content\/uploads\/sites\/10\/2020\/03\/camargo-fica-1-139x300.jpeg 139w, https:\/\/blogs.correiobraziliense.com.br\/servidor\/wp-content\/uploads\/sites\/10\/2020\/03\/camargo-fica-1-162x350.jpeg 162w, https:\/\/blogs.correiobraziliense.com.br\/servidor\/wp-content\/uploads\/sites\/10\/2020\/03\/camargo-fica-1-550x1191.jpeg 550w, https:\/\/blogs.correiobraziliense.com.br\/servidor\/wp-content\/uploads\/sites\/10\/2020\/03\/camargo-fica-1-230x498.jpeg 230w, https:\/\/blogs.correiobraziliense.com.br\/servidor\/wp-content\/uploads\/sites\/10\/2020\/03\/camargo-fica-1.jpeg 591w\" sizes=\"auto, (max-width: 473px) 100vw, 473px\" \/><\/p>\n","protected":false},"excerpt":{"rendered":"<p>Pelas redes sociais, o presidente da Funda\u00e7\u00e3o Cultural Palmares, S\u00e9rgio Camargo, diz que &#8220;est\u00e1 confirmad\u00edssimo na presid\u00eancia, com o respaldo do presidente Jair Bolsonaro e do ministro do Turismo, Marcelo \u00c1lvaro Ant\u00f4nio&#8221;. A secret\u00e1ria de Cultura, Regina Duarte, toma posse nesse momento e ainda n\u00e3o falou sobre o assunto Em uma das publica\u00e7\u00f5es, Camargo aparece ao lado de Bolsonaro. Em [&hellip;]<\/p>\n","protected":false},"author":27,"featured_media":0,"comment_status":"open","ping_status":"closed","sticky":false,"template":"","format":"standard","meta":{"footnotes":""},"categories":[2719],"tags":[17204,13649,17223,17224,17147],"class_list":["post-15626","post","type-post","status-publish","format-standard","hentry","category-servidor","tag-fundacao-cultural-palmares","tag-jair-bolsonaro","tag-lutato","tag-politicamente-correto","tag-sergio-camargo"],"_links":{"self":[{"href":"https:\/\/blogs.correiobraziliense.com.br\/servidor\/wp-json\/wp\/v2\/posts\/15626","targetHints":{"allow":["GET"]}}],"collection":[{"href":"https:\/\/blogs.correiobraziliense.com.br\/servidor\/wp-json\/wp\/v2\/posts"}],"about":[{"href":"https:\/\/blogs.correiobraziliense.com.br\/servidor\/wp-json\/wp\/v2\/types\/post"}],"author":[{"embeddable":true,"href":"https:\/\/blogs.correiobraziliense.com.br\/servidor\/wp-json\/wp\/v2\/users\/27"}],"replies":[{"embeddable":true,"href":"https:\/\/blogs.correiobraziliense.com.br\/servidor\/wp-json\/wp\/v2\/comments?post=15626"}],"version-history":[{"count":4,"href":"https:\/\/blogs.correiobraziliense.com.br\/servidor\/wp-json\/wp\/v2\/posts\/15626\/revisions"}],"predecessor-version":[{"id":15633,"href":"https:\/\/blogs.correiobraziliense.com.br\/servidor\/wp-json\/wp\/v2\/posts\/15626\/revisions\/15633"}],"wp:attachment":[{"href":"https:\/\/blogs.correiobraziliense.com.br\/servidor\/wp-json\/wp\/v2\/media?parent=15626"}],"wp:term":[{"taxonomy":"category","embeddable":true,"href":"https:\/\/blogs.correiobraziliense.com.br\/servidor\/wp-json\/wp\/v2\/categories?post=15626"},{"taxonomy":"post_tag","embeddable":true,"href":"https:\/\/blogs.correiobraziliense.com.br\/servidor\/wp-json\/wp\/v2\/tags?post=15626"}],"curies":[{"name":"wp","href":"https:\/\/api.w.org\/{rel}","templated":true}]}}