{"id":15617,"date":"2020-03-03T18:28:35","date_gmt":"2020-03-03T21:28:35","guid":{"rendered":"https:\/\/blogs.correiobraziliense.com.br\/servidor\/?p=15617"},"modified":"2020-03-03T18:39:44","modified_gmt":"2020-03-03T21:39:44","slug":"stf-decide-sobre-julgamento-de-servidores-concursados-de-empresas-publicas","status":"publish","type":"post","link":"https:\/\/blogs.correiobraziliense.com.br\/servidor\/stf-decide-sobre-julgamento-de-servidores-concursados-de-empresas-publicas\/","title":{"rendered":"STF decide sobre julgamento de servidores concursados de empresas p\u00fablicas"},"content":{"rendered":"<p><em>A quem cabe <\/em><em>resolver conflitos na rela\u00e7\u00e3o entre servidores rec\u00e9m-contratados por concurso p\u00fablico e as empresas p\u00fablicas? Justi\u00e7a do Trabalho ou Justi\u00e7a Comum? O STF vai analisar a quest\u00e3o durante julgamento amanh\u00e3 (4).<\/em><\/p>\n<p>O Supremo Tribunal Federal (STF) define nesta quarta-feira (4) a compet\u00eancia para julgar conflitos relacionados \u00e0 contrata\u00e7\u00e3o de servidores por empresas p\u00fablicas por concurso p\u00fablico. Quem deve pacificar as demandas decorrentes de problemas envolvendo a fase pr\u00e9-contratual de sele\u00e7\u00e3o e de admiss\u00e3o de pessoal e eventual nulidade do certame. Se ser\u00e1 a Justi\u00e7a do Trabalho ou a Justi\u00e7a Comum.<\/p>\n<p>O caso teve origem em a\u00e7\u00e3o ajuizada contra a Companhia de \u00c1guas e Esgotos do Estado do Rio Grande do Norte (Caern), envolvendo um funcion\u00e1rio que tenta confirmar a validade de seu contrato de trabalho e permanecer no cargo para o qual foi nomeado e empossado em 2014. No ano seguinte \u00e0 contrata\u00e7\u00e3o, foi apontado um equ\u00edvoco na apura\u00e7\u00e3o das notas da prova seletiva, com a retifica\u00e7\u00e3o do resultado final do concurso.<\/p>\n<p>O servidor acabou sendo dispensado, porque passou do 9\u00ba para o 17\u00ba lugar no certame, que tinha apenas 11 vagas para a fun\u00e7\u00e3o. O relator do recurso, ministro Gilmar Mendes, defendeu a repercuss\u00e3o geral (decis\u00e3o que vale para todo o pa\u00eds em situa\u00e7\u00f5es semelhantes). O julgamento tem como base o Recurso Extraordin\u00e1rio (RE) 960.429<\/p>\n","protected":false},"excerpt":{"rendered":"<p>A quem cabe resolver conflitos na rela\u00e7\u00e3o entre servidores rec\u00e9m-contratados por concurso p\u00fablico e as empresas p\u00fablicas? Justi\u00e7a do Trabalho ou Justi\u00e7a Comum? O STF vai analisar a quest\u00e3o durante julgamento amanh\u00e3 (4). O Supremo Tribunal Federal (STF) define nesta quarta-feira (4) a compet\u00eancia para julgar conflitos relacionados \u00e0 contrata\u00e7\u00e3o de servidores por empresas p\u00fablicas por concurso p\u00fablico. Quem deve [&hellip;]<\/p>\n","protected":false},"author":27,"featured_media":0,"comment_status":"open","ping_status":"closed","sticky":false,"template":"","format":"standard","meta":{"footnotes":""},"categories":[2719],"tags":[176,6189,1147,1851,1240,1500,17219,12059,697,2706,1968,17220,58,34],"class_list":["post-15617","post","type-post","status-publish","format-standard","hentry","category-servidor","tag-acao","tag-certame","tag-concursados","tag-concurso-publico","tag-conflitos","tag-demandas","tag-empossado","tag-empresas-publicas","tag-justica-do-trabalho","tag-nomeado","tag-notas","tag-provoa","tag-servidores","tag-stf"],"_links":{"self":[{"href":"https:\/\/blogs.correiobraziliense.com.br\/servidor\/wp-json\/wp\/v2\/posts\/15617","targetHints":{"allow":["GET"]}}],"collection":[{"href":"https:\/\/blogs.correiobraziliense.com.br\/servidor\/wp-json\/wp\/v2\/posts"}],"about":[{"href":"https:\/\/blogs.correiobraziliense.com.br\/servidor\/wp-json\/wp\/v2\/types\/post"}],"author":[{"embeddable":true,"href":"https:\/\/blogs.correiobraziliense.com.br\/servidor\/wp-json\/wp\/v2\/users\/27"}],"replies":[{"embeddable":true,"href":"https:\/\/blogs.correiobraziliense.com.br\/servidor\/wp-json\/wp\/v2\/comments?post=15617"}],"version-history":[{"count":2,"href":"https:\/\/blogs.correiobraziliense.com.br\/servidor\/wp-json\/wp\/v2\/posts\/15617\/revisions"}],"predecessor-version":[{"id":15619,"href":"https:\/\/blogs.correiobraziliense.com.br\/servidor\/wp-json\/wp\/v2\/posts\/15617\/revisions\/15619"}],"wp:attachment":[{"href":"https:\/\/blogs.correiobraziliense.com.br\/servidor\/wp-json\/wp\/v2\/media?parent=15617"}],"wp:term":[{"taxonomy":"category","embeddable":true,"href":"https:\/\/blogs.correiobraziliense.com.br\/servidor\/wp-json\/wp\/v2\/categories?post=15617"},{"taxonomy":"post_tag","embeddable":true,"href":"https:\/\/blogs.correiobraziliense.com.br\/servidor\/wp-json\/wp\/v2\/tags?post=15617"}],"curies":[{"name":"wp","href":"https:\/\/api.w.org\/{rel}","templated":true}]}}