{"id":15601,"date":"2020-03-03T14:39:51","date_gmt":"2020-03-03T17:39:51","guid":{"rendered":"https:\/\/blogs.correiobraziliense.com.br\/servidor\/?p=15601"},"modified":"2020-03-03T14:41:57","modified_gmt":"2020-03-03T17:41:57","slug":"correios-assessores-especiais-deverao-ser-desligados-ate-05-03-2020","status":"publish","type":"post","link":"https:\/\/blogs.correiobraziliense.com.br\/servidor\/correios-assessores-especiais-deverao-ser-desligados-ate-05-03-2020\/","title":{"rendered":"Correios &#8211; Assessores Especiais dever\u00e3o ser desligados at\u00e9 05 de mar\u00e7o de 2020"},"content":{"rendered":"<div><em>Mandado de Seguran\u00e7a do Minist\u00e9rio P\u00fablico do Trabalho derrubou a liminar da diretoria dos Correios que permitia a manuten\u00e7\u00e3o prec\u00e1ria de assessores especiais externos na empresa<\/em><\/div>\n<div><\/div>\n<div>Com isso, ser\u00e1 restabelecido na Empresa o cumprimento da Constitui\u00e7\u00e3o Federal, com a contrata\u00e7\u00e3o de pessoal exclusivamente por concurso p\u00fablico, informa a Associa\u00e7\u00e3o dos Funcion\u00e1rios dos Correios (ADCAP).<\/div>\n<div><\/div>\n<div>A a\u00e7\u00e3o civil p\u00fablica que tratou desse tema foi promovida pelo MPT a partir de den\u00fancia a respeito formulada pela ADCAP.<\/div>\n<div><\/div>\n<div>Na decis\u00e3o, o desembargador Grijalbo Fernandes Coutinho explica que &#8220;\u00c9 incontroverso que a ECT, parte autora da A\u00e7\u00e3o Revisional n\u00ba 000000872.2020.5.10.0001, pactuou acordo com o MPT no bojo da ACP 0001243-18.2013.5.10.0002, com previs\u00e3o no \u00faltimo termo aditivo de manter empregos em comiss\u00e3o em seus quadros pelo prazo m\u00e1ximo de 24 meses, ou seja, at\u00e9 05.03.2020, com regra de transi\u00e7\u00e3o a partir de 05.04.2018 e de 05.03.2019 (fls. 69\/72 do PDF).&#8221;<\/div>\n","protected":false},"excerpt":{"rendered":"<p>Mandado de Seguran\u00e7a do Minist\u00e9rio P\u00fablico do Trabalho derrubou a liminar da diretoria dos Correios que permitia a manuten\u00e7\u00e3o prec\u00e1ria de assessores especiais externos na empresa Com isso, ser\u00e1 restabelecido na Empresa o cumprimento da Constitui\u00e7\u00e3o Federal, com a contrata\u00e7\u00e3o de pessoal exclusivamente por concurso p\u00fablico, informa a Associa\u00e7\u00e3o dos Funcion\u00e1rios dos Correios (ADCAP). A a\u00e7\u00e3o civil p\u00fablica que tratou [&hellip;]<\/p>\n","protected":false},"author":27,"featured_media":0,"comment_status":"open","ping_status":"closed","sticky":false,"template":"","format":"standard","meta":{"footnotes":""},"categories":[2719],"tags":[5181,17212,17213,2584,20,134,390,10940,3474],"class_list":["post-15601","post","type-post","status-publish","format-standard","hentry","category-servidor","tag-adcap","tag-assessores-especiais","tag-concurso-pbulico","tag-constituicao","tag-correios","tag-denuncia","tag-empresas","tag-externos","tag-mpt"],"_links":{"self":[{"href":"https:\/\/blogs.correiobraziliense.com.br\/servidor\/wp-json\/wp\/v2\/posts\/15601","targetHints":{"allow":["GET"]}}],"collection":[{"href":"https:\/\/blogs.correiobraziliense.com.br\/servidor\/wp-json\/wp\/v2\/posts"}],"about":[{"href":"https:\/\/blogs.correiobraziliense.com.br\/servidor\/wp-json\/wp\/v2\/types\/post"}],"author":[{"embeddable":true,"href":"https:\/\/blogs.correiobraziliense.com.br\/servidor\/wp-json\/wp\/v2\/users\/27"}],"replies":[{"embeddable":true,"href":"https:\/\/blogs.correiobraziliense.com.br\/servidor\/wp-json\/wp\/v2\/comments?post=15601"}],"version-history":[{"count":2,"href":"https:\/\/blogs.correiobraziliense.com.br\/servidor\/wp-json\/wp\/v2\/posts\/15601\/revisions"}],"predecessor-version":[{"id":15603,"href":"https:\/\/blogs.correiobraziliense.com.br\/servidor\/wp-json\/wp\/v2\/posts\/15601\/revisions\/15603"}],"wp:attachment":[{"href":"https:\/\/blogs.correiobraziliense.com.br\/servidor\/wp-json\/wp\/v2\/media?parent=15601"}],"wp:term":[{"taxonomy":"category","embeddable":true,"href":"https:\/\/blogs.correiobraziliense.com.br\/servidor\/wp-json\/wp\/v2\/categories?post=15601"},{"taxonomy":"post_tag","embeddable":true,"href":"https:\/\/blogs.correiobraziliense.com.br\/servidor\/wp-json\/wp\/v2\/tags?post=15601"}],"curies":[{"name":"wp","href":"https:\/\/api.w.org\/{rel}","templated":true}]}}