{"id":15562,"date":"2020-02-27T18:34:37","date_gmt":"2020-02-27T21:34:37","guid":{"rendered":"https:\/\/blogs.correiobraziliense.com.br\/servidor\/?p=15562"},"modified":"2020-02-27T18:34:37","modified_gmt":"2020-02-27T21:34:37","slug":"plano-geaprev-agora-e-viva-empresarial","status":"publish","type":"post","link":"https:\/\/blogs.correiobraziliense.com.br\/servidor\/plano-geaprev-agora-e-viva-empresarial\/","title":{"rendered":"Plano Geaprev agora \u00e9 Viva Empresarial"},"content":{"rendered":"<p><em>Altera\u00e7\u00f5es de regulamento do plano patrocinado da Viva Previd\u00eancia s\u00e3o aprovadas pela Previc. Foi alterada a modalidade do plano, antes de Contribui\u00e7\u00e3o Vari\u00e1vel (CV) para Contribui\u00e7\u00e3o Definida (CD), extinguindo o componente de risco atuarial do plano, de forma a eliminar o risco para os participantes e patrocinadores<\/em><\/p>\n<p>O plano patrocinado da Viva Previd\u00eancia, Geaprev, ganhou um novo nome. Agora \u00e9 Viva Empresarial. O regulamento do plano passou por altera\u00e7\u00f5es aprovadas pela Superintend\u00eancia Nacional de Previd\u00eancia Complementar (Previc), com o objetivo de crescimento da carteira e cria\u00e7\u00e3o de oportunidades de ingresso de novos patrocinadores e participantes. &#8220;O plano patrocinado da Funda\u00e7\u00e3o est\u00e1 em opera\u00e7\u00e3o desde 2005 e conta com mais de mil participantes ativos&#8221;, explica a Viva Empresarial.<\/p>\n<p>Al\u00e9m da mudan\u00e7a do nome, um dos principais pontos mudados no regulamento \u00e9 a altera\u00e7\u00e3o da modalidade do plano, antes era Contribui\u00e7\u00e3o Vari\u00e1vel (CV) e passa a ser Contribui\u00e7\u00e3o Definida (CD), extinguindo do componente de risco atuarial do plano, de forma a eliminar o risco para os participantes e patrocinadores.<\/p>\n<p>\u201cO Viva Empresarial foi pensado justamente como benef\u00edcio em prol das duas partes &#8211; participante e patrocinador. Essas mudan\u00e7as s\u00e3o muito positivas para ambos, pois o plano se torna mais flex\u00edvel e extingue o risco da empresa de arcar com poss\u00edveis d\u00e9ficits. \u00c9 uma \u00f3tima oportunidade para o crescimento do plano, al\u00e9m de contribuir tamb\u00e9m aos resultados positivos cont\u00ednuos que a Viva Previd\u00eancia entrega\u201d, comemora o diretor-presidente da Funda\u00e7\u00e3o Silas Devai Junior.<\/p>\n<p>As altera\u00e7\u00f5es preveem ainda melhoria das condi\u00e7\u00f5es de resgate para o participante e cria\u00e7\u00e3o do Fundo Previdencial, espec\u00edfico por patrocinador, para destinar a parcela patronal n\u00e3o resgatada. O plano contar\u00e1 com perfil de investimento, para futura implanta\u00e7\u00e3o, como op\u00e7\u00e3o facultativa para o participante. Ser\u00e1 incluso tamb\u00e9m o dispositivo para contrata\u00e7\u00e3o de cobertura adicional para benef\u00edcios de risco, junto \u00e0 seguradora, para os eventos de morte e invalidez.<\/p>\n<p>Todas essas altera\u00e7\u00f5es foram aprovadas pela portaria N\u00ba 151, de 21 de fevereiro de 2020, publicada no dia 27 de fevereiro, no Di\u00e1rio Oficial da Uni\u00e3o (DOU). O regulamento aprovado j\u00e1 est\u00e1 dispon\u00edvel no site da Viva Previd\u00eancia &#8211; https:\/\/vivaprev.com.br\/.<\/p>\n","protected":false},"excerpt":{"rendered":"<p>Altera\u00e7\u00f5es de regulamento do plano patrocinado da Viva Previd\u00eancia s\u00e3o aprovadas pela Previc. Foi alterada a modalidade do plano, antes de Contribui\u00e7\u00e3o Vari\u00e1vel (CV) para Contribui\u00e7\u00e3o Definida (CD), extinguindo o componente de risco atuarial do plano, de forma a eliminar o risco para os participantes e patrocinadores O plano patrocinado da Viva Previd\u00eancia, Geaprev, ganhou um novo nome. Agora \u00e9 [&hellip;]<\/p>\n","protected":false},"author":27,"featured_media":0,"comment_status":"open","ping_status":"closed","sticky":false,"template":"","format":"standard","meta":{"footnotes":""},"categories":[2719],"tags":[2486,5047,13373,17171,795,17170,1769,2731,217,8154,1746,1669,2489,15760,4978,1212,17172,17169],"class_list":["post-15562","post","type-post","status-publish","format-standard","hentry","category-servidor","tag-atuarial","tag-carteira","tag-cd","tag-cobertura-adicional","tag-crescimento","tag-cv","tag-dou","tag-invalidez","tag-investimento","tag-modalidade","tag-morte","tag-participantes","tag-patrocinadores","tag-plano-geaprev","tag-previc","tag-risco","tag-seguradorea","tag-viva-empresarial"],"_links":{"self":[{"href":"https:\/\/blogs.correiobraziliense.com.br\/servidor\/wp-json\/wp\/v2\/posts\/15562","targetHints":{"allow":["GET"]}}],"collection":[{"href":"https:\/\/blogs.correiobraziliense.com.br\/servidor\/wp-json\/wp\/v2\/posts"}],"about":[{"href":"https:\/\/blogs.correiobraziliense.com.br\/servidor\/wp-json\/wp\/v2\/types\/post"}],"author":[{"embeddable":true,"href":"https:\/\/blogs.correiobraziliense.com.br\/servidor\/wp-json\/wp\/v2\/users\/27"}],"replies":[{"embeddable":true,"href":"https:\/\/blogs.correiobraziliense.com.br\/servidor\/wp-json\/wp\/v2\/comments?post=15562"}],"version-history":[{"count":1,"href":"https:\/\/blogs.correiobraziliense.com.br\/servidor\/wp-json\/wp\/v2\/posts\/15562\/revisions"}],"predecessor-version":[{"id":15563,"href":"https:\/\/blogs.correiobraziliense.com.br\/servidor\/wp-json\/wp\/v2\/posts\/15562\/revisions\/15563"}],"wp:attachment":[{"href":"https:\/\/blogs.correiobraziliense.com.br\/servidor\/wp-json\/wp\/v2\/media?parent=15562"}],"wp:term":[{"taxonomy":"category","embeddable":true,"href":"https:\/\/blogs.correiobraziliense.com.br\/servidor\/wp-json\/wp\/v2\/categories?post=15562"},{"taxonomy":"post_tag","embeddable":true,"href":"https:\/\/blogs.correiobraziliense.com.br\/servidor\/wp-json\/wp\/v2\/tags?post=15562"}],"curies":[{"name":"wp","href":"https:\/\/api.w.org\/{rel}","templated":true}]}}