{"id":15560,"date":"2020-02-27T17:34:20","date_gmt":"2020-02-27T20:34:20","guid":{"rendered":"https:\/\/blogs.correiobraziliense.com.br\/servidor\/?p=15560"},"modified":"2020-02-28T13:55:46","modified_gmt":"2020-02-28T16:55:46","slug":"livro-mulher-emocao-e-voto-trabalha-inteligencia-emocional-de-pre-candidatas-nas-eleicoes-2020","status":"publish","type":"post","link":"https:\/\/blogs.correiobraziliense.com.br\/servidor\/livro-mulher-emocao-e-voto-trabalha-inteligencia-emocional-de-pre-candidatas-nas-eleicoes-2020\/","title":{"rendered":"Livro \u201cMulher, Emo\u00e7\u00e3o e Voto\u201d trabalha intelig\u00eancia emocional de pr\u00e9-candidatas nas Elei\u00e7\u00f5es 2020"},"content":{"rendered":"<p><em>Publica\u00e7\u00e3o escrita pelo analista comportamental Osmar Bria, tamb\u00e9m autor de \u201cA F\u00f3rmula do Voto\u201d, valoriza caracter\u00edsticas femininas e entrega estrat\u00e9gias pr\u00e1ticas para conquistar a confian\u00e7a do eleitor. A inten\u00e7\u00e3o da publica\u00e7\u00e3o \u00e9 justamente melhorar a participa\u00e7\u00e3o das mulheres nas elei\u00e7\u00f5es<\/em><\/p>\n<p>A corrida para as elei\u00e7\u00f5es municipais deste ano j\u00e1 come\u00e7ou e o p\u00fablico feminino poder\u00e1 contar com uma nova ferramenta. O livro \u201cMulher, Emo\u00e7\u00e3o e Voto\u201d, escrito pelo analista comportamental, master political coach e autor da publica\u00e7\u00e3o \u201cA F\u00f3rmula do Voto\u201d, Osmar Bria, orienta as candidatas a utilizarem suas caracter\u00edsticas emocionais para o sucesso na vota\u00e7\u00e3o.<\/p>\n<p>De acordo com Bria, as mulheres t\u00eam algumas caracter\u00edsticas emocionais que podem favorec\u00ea-las na pol\u00edtica. A principal delas \u00e9 a empatia. \u201c\u00c9 a capacidade de se colocar no lugar do outro. O detalhe \u00e9 que na mulher essa habilidade \u00e9 mais aflorada do que no homem, segundo a neuroci\u00eancia. Por isso, elas est\u00e3o em vantagem simplesmente por terem interesse genu\u00edno de ajudar ao pr\u00f3ximo. Esse \u00e9 o diferencial que trar\u00e1 n\u00e3o apenas um benef\u00edcio eleitoral, mas tamb\u00e9m social\u201d, explica.<\/p>\n<p>Na vis\u00e3o do especialista em an\u00e1lise comportamental, a participa\u00e7\u00e3o feminina nestas elei\u00e7\u00f5es ser\u00e1 mais efetiva do que nunca. Entretanto, ainda \u00e9 apenas um pequeno passo em dire\u00e7\u00e3o \u00e0 igualdade. \u201cParticipo ativamente do universo pol\u00edtico-partid\u00e1rio e observo uma grande preocupa\u00e7\u00e3o com o empoderamento das mulheres. Mesmo assim, o trabalho ainda ser\u00e1 longo, pois a mulher precisa mesmo \u00e9 de uma reconstru\u00e7\u00e3o de identidade em rela\u00e7\u00e3o \u00e0s elei\u00e7\u00f5es\u201d, esclarece.<\/p>\n<p>A internet tamb\u00e9m pode fazer a diferen\u00e7a nesse objetivo. \u201cPol\u00edtica \u00e9 relacionamento. As redes sociais deram mais possibilidades e rapidez na hora de construir as rela\u00e7\u00f5es. O celular \u00e9 uma ferramenta potente para isso. Mas, se voc\u00ea n\u00e3o transformar esses relacionamentos em votos, de nada ir\u00e1 adiantar o grande alcance proporcionado pelas redes\u201d, garante.<\/p>\n<p>O livro ser\u00e1 oficialmente lan\u00e7ado no dia 17 de mar\u00e7o, durante solenidade no Sal\u00e3o Nobre da C\u00e2mara dos Deputados. O evento deve contar com a presen\u00e7a de importantes figuras pol\u00edticas femininas, como a Secret\u00e1ria Nacional das Mulheres, Cristiane Britto, a deputada federal Benedita da Silva (PT) e a ministra da Mulher, Damares Alves. Estas e outras autoridades femininas prestaram um depoimento especial para a publica\u00e7\u00e3o, que pode ser conferido no livro.<\/p>\n<p><strong>Lan\u00e7amento do Livro \u201cMulher, Emo\u00e7\u00e3o e Voto\u201d, de Osmar Bria<\/strong><br \/>\nQuando: 17 de mar\u00e7o de 2020 (17\/03\/20).<br \/>\nOnde: Sal\u00e3o Nobre da C\u00e2mara dos Deputados<br \/>\nHor\u00e1rio: 13h30 \u00e0s 16h<\/p>\n","protected":false},"excerpt":{"rendered":"<p>Publica\u00e7\u00e3o escrita pelo analista comportamental Osmar Bria, tamb\u00e9m autor de \u201cA F\u00f3rmula do Voto\u201d, valoriza caracter\u00edsticas femininas e entrega estrat\u00e9gias pr\u00e1ticas para conquistar a confian\u00e7a do eleitor. A inten\u00e7\u00e3o da publica\u00e7\u00e3o \u00e9 justamente melhorar a participa\u00e7\u00e3o das mulheres nas elei\u00e7\u00f5es A corrida para as elei\u00e7\u00f5es municipais deste ano j\u00e1 come\u00e7ou e o p\u00fablico feminino poder\u00e1 contar com uma nova ferramenta. [&hellip;]<\/p>\n","protected":false},"author":27,"featured_media":0,"comment_status":"open","ping_status":"closed","sticky":false,"template":"","format":"standard","meta":{"footnotes":""},"categories":[2719],"tags":[3172,11613,16218,13033,17167,14305,1688,15450,1079,3716,15682,17168,2103,2259],"class_list":["post-15560","post","type-post","status-publish","format-standard","hentry","category-servidor","tag-confianca","tag-diferencial","tag-eleicoes-2020","tag-eleitor","tag-emocao-e-voto","tag-empatia","tag-estrategias","tag-inteligencia-emocional","tag-livro","tag-mulher","tag-neurociencia","tag-pre-candidatas","tag-social","tag-vantagem"],"_links":{"self":[{"href":"https:\/\/blogs.correiobraziliense.com.br\/servidor\/wp-json\/wp\/v2\/posts\/15560","targetHints":{"allow":["GET"]}}],"collection":[{"href":"https:\/\/blogs.correiobraziliense.com.br\/servidor\/wp-json\/wp\/v2\/posts"}],"about":[{"href":"https:\/\/blogs.correiobraziliense.com.br\/servidor\/wp-json\/wp\/v2\/types\/post"}],"author":[{"embeddable":true,"href":"https:\/\/blogs.correiobraziliense.com.br\/servidor\/wp-json\/wp\/v2\/users\/27"}],"replies":[{"embeddable":true,"href":"https:\/\/blogs.correiobraziliense.com.br\/servidor\/wp-json\/wp\/v2\/comments?post=15560"}],"version-history":[{"count":2,"href":"https:\/\/blogs.correiobraziliense.com.br\/servidor\/wp-json\/wp\/v2\/posts\/15560\/revisions"}],"predecessor-version":[{"id":15571,"href":"https:\/\/blogs.correiobraziliense.com.br\/servidor\/wp-json\/wp\/v2\/posts\/15560\/revisions\/15571"}],"wp:attachment":[{"href":"https:\/\/blogs.correiobraziliense.com.br\/servidor\/wp-json\/wp\/v2\/media?parent=15560"}],"wp:term":[{"taxonomy":"category","embeddable":true,"href":"https:\/\/blogs.correiobraziliense.com.br\/servidor\/wp-json\/wp\/v2\/categories?post=15560"},{"taxonomy":"post_tag","embeddable":true,"href":"https:\/\/blogs.correiobraziliense.com.br\/servidor\/wp-json\/wp\/v2\/tags?post=15560"}],"curies":[{"name":"wp","href":"https:\/\/api.w.org\/{rel}","templated":true}]}}