{"id":15555,"date":"2020-02-27T14:41:40","date_gmt":"2020-02-27T17:41:40","guid":{"rendered":"https:\/\/blogs.correiobraziliense.com.br\/servidor\/?p=15555"},"modified":"2020-02-27T14:41:40","modified_gmt":"2020-02-27T17:41:40","slug":"centrais-sindicais-alertam-para-o-momento-politico-de-ataques-ao-congresso-e-ao-supremo","status":"publish","type":"post","link":"https:\/\/blogs.correiobraziliense.com.br\/servidor\/centrais-sindicais-alertam-para-o-momento-politico-de-ataques-ao-congresso-e-ao-supremo\/","title":{"rendered":"Centrais sindicais alertam para o momento pol\u00edtico de ataques ao Congresso e ao Supremo"},"content":{"rendered":"<p><em>Por meio de nota, CUT, For\u00e7a Sindical, UGT, CTB, Nova Central, Nova Central, CSB, Conlutas, Intersindical, ap\u00f3s reuni\u00e3o extraordin\u00e1ria conjunta, em S\u00e3o Paulo, indicam a necessidade de melhor compreens\u00e3o do atual momento, em que Poderes da Rep\u00fablica s\u00e3o atacados, e da import\u00e2ncia da mobiliza\u00e7\u00e3o das diversas categorias de trabalhadores<\/em><\/p>\n<p>Veja a nota:<\/p>\n<p>&#8220;As Centrais Sindicais reunidas no dia 27\/02\/2020 em S\u00e3o Paulo reafirmam a posi\u00e7\u00e3o intransigente de defesa das liberdades democr\u00e1ticas e conclamam a unidade de todas as for\u00e7as sociais na defesa das institui\u00e7\u00f5es e do Estado Democr\u00e1tico de Direito.<\/p>\n<p>Avaliam que o momento pol\u00edtico \u00e9 delicado, pois a convocat\u00f3ria para uma manifesta\u00e7\u00e3o contra o Congresso Nacional e o Supremo Tribunal Federal se soma a outros epis\u00f3dios de ataque \u00e0 nossa democracia por parte do Presidente da Rep\u00fablica e seu grupo pol\u00edtico e, conjuntamente com o conflito ocorrido em Sobral-CE em que foi alvejado o Senador licenciado Cid Gomes, colocam em risco \u00e0 estabilidade social.<\/p>\n<p>Indicam a necessidade de melhor compreens\u00e3o do atual momento, bem como das estrat\u00e9gias que est\u00e3o em curso na rela\u00e7\u00e3o com o Congresso Nacional onde est\u00e1 em debate um conjunto de reformas que buscam a redu\u00e7\u00e3o dos direitos da classe trabalhadora e o desmonte do Estado brasileiro.<\/p>\n<p>Assim sendo, reafirmam \u00e0 import\u00e2ncia das mobiliza\u00e7\u00f5es que j\u00e1 est\u00e3o sendo organizadas por diversas categorias de trabalhadores e setores da sociedade e convocam cada Central Sindical a potencializar esses movimentos em todo o pa\u00eds por meio de suas bases sindicais e dos movimentos sociais.<\/p>\n<p>Como calend\u00e1rio, indicam como mobiliza\u00e7\u00f5es a serem fortalecidas e organizadas:<\/p>\n<p>03\/03\/2020 \u2013 reuni\u00e3o dos partidos e organiza\u00e7\u00f5es da sociedade civil em defesa do Estado Democr\u00e1tico de Direito e das institui\u00e7\u00f5es republicanas que ocorrer\u00e1 no Congresso Nacional as 10h.<br \/>\n08\/03\/2020 \u2013 atos em defesa dos direitos das mulheres (Dia internacional da Mulher)<br \/>\n14\/03\/2020 \u2013 atos em mem\u00f3ria da luta da vereadora Marielle Franco<br \/>\n18\/03\/2020 \u2013 ato em defesa dos servi\u00e7os p\u00fablicos, empregos, direitos e democracia.<br \/>\n01\/05\/2020 \u2013 1\u00ba. De Maio Unificado das Centrais.<\/p>\n<p>Por fim, deliberam pela urg\u00eancia na comunica\u00e7\u00e3o para informar a popula\u00e7\u00e3o sobre o atual momento pol\u00edtico vivido no pa\u00eds, indicando a necessidade de amplificar as mobiliza\u00e7\u00f5es para as periferias das grandes cidades e o interior do pa\u00eds.<\/p>\n<p>Encaminhamentos:<br \/>\n&#8211; Preparar ida a reuni\u00e3o no Congresso Nacional (dia 03\/03\/2020);<br \/>\n&#8211; Divulgar o calend\u00e1rio de mobiliza\u00e7\u00e3o e organizar a participa\u00e7\u00e3o das lideran\u00e7as sindicais em todos os atos;<br \/>\n&#8211; Realizar propostas de material de comunica\u00e7\u00e3o (proposta inicial a ser apresentada pelo Conlutas e aprovada pelas Centrais);<br \/>\n&#8211; Contatar movimentos sociais para amplificar as mobiliza\u00e7\u00f5es.<\/p>\n<p>Presentes: CUT, For\u00e7a Sindical, UGT, CTB, Nova Central, Nova Central, CSB, Conlutas, Intersindical&#8221;<\/p>\n","protected":false},"excerpt":{"rendered":"<p>Por meio de nota, CUT, For\u00e7a Sindical, UGT, CTB, Nova Central, Nova Central, CSB, Conlutas, Intersindical, ap\u00f3s reuni\u00e3o extraordin\u00e1ria conjunta, em S\u00e3o Paulo, indicam a necessidade de melhor compreens\u00e3o do atual momento, em que Poderes da Rep\u00fablica s\u00e3o atacados, e da import\u00e2ncia da mobiliza\u00e7\u00e3o das diversas categorias de trabalhadores Veja a nota: &#8220;As Centrais Sindicais reunidas no dia 27\/02\/2020 em [&hellip;]<\/p>\n","protected":false},"author":27,"featured_media":0,"comment_status":"open","ping_status":"closed","sticky":false,"template":"","format":"standard","meta":{"footnotes":""},"categories":[2719],"tags":[2866,1101,693,13645,17163,481,2805,3839,1427,1417,34,8369,19,2906],"class_list":["post-15555","post","type-post","status-publish","format-standard","hentry","category-servidor","tag-ataques","tag-centrais-sindicais","tag-congresso-nacional","tag-democraticas","tag-liberdades","tag-mobilizacao","tag-momento","tag-poderes","tag-politico","tag-republica","tag-stf","tag-supremo-tribunal-federal","tag-trabalhadores","tag-unidade"],"_links":{"self":[{"href":"https:\/\/blogs.correiobraziliense.com.br\/servidor\/wp-json\/wp\/v2\/posts\/15555","targetHints":{"allow":["GET"]}}],"collection":[{"href":"https:\/\/blogs.correiobraziliense.com.br\/servidor\/wp-json\/wp\/v2\/posts"}],"about":[{"href":"https:\/\/blogs.correiobraziliense.com.br\/servidor\/wp-json\/wp\/v2\/types\/post"}],"author":[{"embeddable":true,"href":"https:\/\/blogs.correiobraziliense.com.br\/servidor\/wp-json\/wp\/v2\/users\/27"}],"replies":[{"embeddable":true,"href":"https:\/\/blogs.correiobraziliense.com.br\/servidor\/wp-json\/wp\/v2\/comments?post=15555"}],"version-history":[{"count":1,"href":"https:\/\/blogs.correiobraziliense.com.br\/servidor\/wp-json\/wp\/v2\/posts\/15555\/revisions"}],"predecessor-version":[{"id":15557,"href":"https:\/\/blogs.correiobraziliense.com.br\/servidor\/wp-json\/wp\/v2\/posts\/15555\/revisions\/15557"}],"wp:attachment":[{"href":"https:\/\/blogs.correiobraziliense.com.br\/servidor\/wp-json\/wp\/v2\/media?parent=15555"}],"wp:term":[{"taxonomy":"category","embeddable":true,"href":"https:\/\/blogs.correiobraziliense.com.br\/servidor\/wp-json\/wp\/v2\/categories?post=15555"},{"taxonomy":"post_tag","embeddable":true,"href":"https:\/\/blogs.correiobraziliense.com.br\/servidor\/wp-json\/wp\/v2\/tags?post=15555"}],"curies":[{"name":"wp","href":"https:\/\/api.w.org\/{rel}","templated":true}]}}