{"id":15553,"date":"2020-02-27T12:34:46","date_gmt":"2020-02-27T15:34:46","guid":{"rendered":"https:\/\/blogs.correiobraziliense.com.br\/servidor\/?p=15553"},"modified":"2020-02-27T12:34:46","modified_gmt":"2020-02-27T15:34:46","slug":"fasubra-condena-convocacao-de-jair-bolsonaro-contra-congresso-e-stf","status":"publish","type":"post","link":"https:\/\/blogs.correiobraziliense.com.br\/servidor\/fasubra-condena-convocacao-de-jair-bolsonaro-contra-congresso-e-stf\/","title":{"rendered":"Fasubra condena convoca\u00e7\u00e3o de Jair Bolsonaro contra Congresso e STF"},"content":{"rendered":"<p><em>A Federa\u00e7\u00e3o de Sindicatos de Trabalhadores T\u00e9cnico-administrativos em Institui\u00e7\u00f5es de Ensino Superior P\u00fablicas do Brasil (Fasubra) repudia o ataque aos poderes Legislativo e Judici\u00e1rio e a tentativa de &#8220;golpe contra a liberdade, as institui\u00e7\u00f5es e a Constitui\u00e7\u00e3o&#8221;. &#8220;Mesmo que os poderes ora atacados pelo governo, nem sempre se posicionem para garantir a justi\u00e7a social, e os direitos pelos quais sempre lutamos, faz-se necess\u00e1rio defend\u00ea-los nesse momento em prol da democracia&#8221;, afirma a nota<\/em><\/p>\n<p>Veja a nota:<\/p>\n<p>&#8220;Na \u00faltima ter\u00e7a-feira durante o carnaval, 25 de fevereiro, o presidente da Rep\u00fablica, fez em sua rede social (whatsApp) uma convocat\u00f3ria para manifesta\u00e7\u00e3o contra o Congresso Nacional e o Supremo Tribunal Federal.<\/p>\n<p>O presidente, mais uma vez, de forma irrespons\u00e1vel, ataca os poderes e tenta jogar parte da popula\u00e7\u00e3o contra o Legislativo e o Judici\u00e1rio, dando segmento a sua pol\u00edtica de combate \u00e0 Democracia e preparando o terreno para um poss\u00edvel golpe contra a liberdade, \u00e0s Institui\u00e7\u00f5es e a Constitui\u00e7\u00e3o.<\/p>\n<p>A Dire\u00e7\u00e3o Nacional da FASUBRA Sindical &#8211; DN, em conson\u00e2ncia com sua categoria e a popula\u00e7\u00e3o brasileira, repudia veementemente mais esse ataque do presidente \u00e0 Constitui\u00e7\u00e3o brasileira que jurou cumprir em sua posse. A a\u00e7\u00e3o do governo causa indigna\u00e7\u00e3o e inseguran\u00e7a em todo pa\u00eds, uma vez que ataca a liberdade e o estado de direito duramente conquistado.<\/p>\n<p>\u00c9 importante, reafirmar que, segundo o Art. 85 da Constitui\u00e7\u00e3o Federal:<\/p>\n<p>\u201cS\u00e3o crimes de responsabilidade os atos do Presidente da Rep\u00fablica que atentem contra a Constitui\u00e7\u00e3o Federal e, especialmente, contra: II &#8211; o livre exerc\u00edcio do Poder Legislativo, do Poder Judici\u00e1rio, do Minist\u00e9rio P\u00fablico e dos Poderes constitucionais das unidades da Federa\u00e7\u00e3o\u201d.<\/p>\n<p>N\u00e3o podemos deixar que os recorrentes ataques \u00e0 democracia e \u00e0 estabilidade social conquistadas ap\u00f3s o fim da ditadura militar e, sobretudo, desde a Constitui\u00e7\u00e3o Cidad\u00e3 de 1988, tornem-se a nova normalidade.<\/p>\n<p>A DN FASUBRA conclama a categoria para ir \u00e0s ruas, nos dias 08 de mar\u00e7o, dia internacional de luta das mulheres, dia 14, Marielly Presente! e dia 18, Greve Nacional da Educa\u00e7\u00e3o e em defesa do Servi\u00e7o P\u00fablico, para demonstrar sua disposi\u00e7\u00e3o de luta contra as pol\u00edticas do governo.<\/p>\n<p>\u00c9 urgente que o Supremo Tribunal Federal e o Congresso Nacional se manifestem em defesa da democracia, para que tomem as devidas provid\u00eancias com base no artigo 85 da Constitui\u00e7\u00e3o, para barrar o golpe ora anunciado pelo governo.<\/p>\n<p>Mesmo que os poderes ora atacados pelo governo, nem sempre se posicionem para garantir a justi\u00e7a social, e os direitos pelos quais sempre lutamos, faz-se necess\u00e1rio defend\u00ea-los nesse momento em prol da democracia.<\/p>\n<p>\u00c9 tarefa fundamental a constru\u00e7\u00e3o da m\u00e1xima unidade de todas as for\u00e7as sociais na defesa intransigente da liberdade, das institui\u00e7\u00f5es e do Estado Democr\u00e1tico de Direito.<\/p>\n<p>Dire\u00e7\u00e3o Nacional da FASUBRA Sindical.&#8221;<\/p>\n","protected":false},"excerpt":{"rendered":"<p>A Federa\u00e7\u00e3o de Sindicatos de Trabalhadores T\u00e9cnico-administrativos em Institui\u00e7\u00f5es de Ensino Superior P\u00fablicas do Brasil (Fasubra) repudia o ataque aos poderes Legislativo e Judici\u00e1rio e a tentativa de &#8220;golpe contra a liberdade, as institui\u00e7\u00f5es e a Constitui\u00e7\u00e3o&#8221;. &#8220;Mesmo que os poderes ora atacados pelo governo, nem sempre se posicionem para garantir a justi\u00e7a social, e os direitos pelos quais sempre [&hellip;]<\/p>\n","protected":false},"author":27,"featured_media":0,"comment_status":"open","ping_status":"closed","sticky":false,"template":"","format":"standard","meta":{"footnotes":""},"categories":[2719],"tags":[2137,100,2584,4053,619,9808,7605,98,13649,11305,1757,34],"class_list":["post-15553","post","type-post","status-publish","format-standard","hentry","category-servidor","tag-ataque","tag-congresso","tag-constituicao","tag-democracia","tag-direitos","tag-fasubra","tag-golpe","tag-governo","tag-jair-bolsonaro","tag-justica-social","tag-liberdade","tag-stf"],"_links":{"self":[{"href":"https:\/\/blogs.correiobraziliense.com.br\/servidor\/wp-json\/wp\/v2\/posts\/15553","targetHints":{"allow":["GET"]}}],"collection":[{"href":"https:\/\/blogs.correiobraziliense.com.br\/servidor\/wp-json\/wp\/v2\/posts"}],"about":[{"href":"https:\/\/blogs.correiobraziliense.com.br\/servidor\/wp-json\/wp\/v2\/types\/post"}],"author":[{"embeddable":true,"href":"https:\/\/blogs.correiobraziliense.com.br\/servidor\/wp-json\/wp\/v2\/users\/27"}],"replies":[{"embeddable":true,"href":"https:\/\/blogs.correiobraziliense.com.br\/servidor\/wp-json\/wp\/v2\/comments?post=15553"}],"version-history":[{"count":1,"href":"https:\/\/blogs.correiobraziliense.com.br\/servidor\/wp-json\/wp\/v2\/posts\/15553\/revisions"}],"predecessor-version":[{"id":15554,"href":"https:\/\/blogs.correiobraziliense.com.br\/servidor\/wp-json\/wp\/v2\/posts\/15553\/revisions\/15554"}],"wp:attachment":[{"href":"https:\/\/blogs.correiobraziliense.com.br\/servidor\/wp-json\/wp\/v2\/media?parent=15553"}],"wp:term":[{"taxonomy":"category","embeddable":true,"href":"https:\/\/blogs.correiobraziliense.com.br\/servidor\/wp-json\/wp\/v2\/categories?post=15553"},{"taxonomy":"post_tag","embeddable":true,"href":"https:\/\/blogs.correiobraziliense.com.br\/servidor\/wp-json\/wp\/v2\/tags?post=15553"}],"curies":[{"name":"wp","href":"https:\/\/api.w.org\/{rel}","templated":true}]}}