{"id":15549,"date":"2020-02-27T11:22:27","date_gmt":"2020-02-27T14:22:27","guid":{"rendered":"https:\/\/blogs.correiobraziliense.com.br\/servidor\/?p=15549"},"modified":"2020-02-27T11:22:27","modified_gmt":"2020-02-27T14:22:27","slug":"magistrados-repudiam-convocacao-do-presidente-da-republica","status":"publish","type":"post","link":"https:\/\/blogs.correiobraziliense.com.br\/servidor\/magistrados-repudiam-convocacao-do-presidente-da-republica\/","title":{"rendered":"Magistrados repudiam convoca\u00e7\u00e3o do presidente da Rep\u00fablica"},"content":{"rendered":"<p><em>Por meio de nota, a Associa\u00e7\u00e3o Nacional do Magistrados do Trabalho (Anamatra) combate a inten\u00e7\u00e3o do presidente da Rep\u00fablica de convocar ato contra o Congresso Nacional e o Supremo Tribunal Federal (STF)<\/em><\/p>\n<p>Veja a nota:<\/p>\n<p>&#8220;A Anamatra manifesta preocupa\u00e7\u00e3o com qualquer ato que pretenda intimidar o Parlamento brasileiro e o Supremo Tribunal Federal. A falta de respeito \u00e0s institui\u00e7\u00f5es democr\u00e1ticas quebra v\u00ednculos republicanos. A magistratura do trabalho n\u00e3o \u00e9 insens\u00edvel \u00e0 banaliza\u00e7\u00e3o dos ataques aos poderes constitu\u00eddos. O que se espera \u00e9 que a sociedade e todos os atores da cena p\u00fablica se apropriem da linguagem constitucional e estejam atentos e vigilantes contra atos que desprezam a nossa dura e sofrida trajet\u00f3ria em favor das liberdades civis e da materialidade da justi\u00e7a social, que dependem do funcionamento a contento dos Tr\u00eas Poderes da Rep\u00fablica.<\/p>\n<p>Bras\u00edlia, 27 de fevereiro de 2020.&#8221;<\/p>\n","protected":false},"excerpt":{"rendered":"<p>Por meio de nota, a Associa\u00e7\u00e3o Nacional do Magistrados do Trabalho (Anamatra) combate a inten\u00e7\u00e3o do presidente da Rep\u00fablica de convocar ato contra o Congresso Nacional e o Supremo Tribunal Federal (STF) Veja a nota: &#8220;A Anamatra manifesta preocupa\u00e7\u00e3o com qualquer ato que pretenda intimidar o Parlamento brasileiro e o Supremo Tribunal Federal. A falta de respeito \u00e0s institui\u00e7\u00f5es democr\u00e1ticas [&hellip;]<\/p>\n","protected":false},"author":27,"featured_media":0,"comment_status":"open","ping_status":"closed","sticky":false,"template":"","format":"standard","meta":{"footnotes":""},"categories":[2719],"tags":[1408,2866,21,693,17162,13645,1416,621,3839,5166,6946,34],"class_list":["post-15549","post","type-post","status-publish","format-standard","hentry","category-servidor","tag-anamatra","tag-ataques","tag-ato","tag-congresso-nacional","tag-convocao","tag-democraticas","tag-instituicoes","tag-magistrados","tag-poderes","tag-presidente-da-republica","tag-republicanos","tag-stf"],"_links":{"self":[{"href":"https:\/\/blogs.correiobraziliense.com.br\/servidor\/wp-json\/wp\/v2\/posts\/15549","targetHints":{"allow":["GET"]}}],"collection":[{"href":"https:\/\/blogs.correiobraziliense.com.br\/servidor\/wp-json\/wp\/v2\/posts"}],"about":[{"href":"https:\/\/blogs.correiobraziliense.com.br\/servidor\/wp-json\/wp\/v2\/types\/post"}],"author":[{"embeddable":true,"href":"https:\/\/blogs.correiobraziliense.com.br\/servidor\/wp-json\/wp\/v2\/users\/27"}],"replies":[{"embeddable":true,"href":"https:\/\/blogs.correiobraziliense.com.br\/servidor\/wp-json\/wp\/v2\/comments?post=15549"}],"version-history":[{"count":1,"href":"https:\/\/blogs.correiobraziliense.com.br\/servidor\/wp-json\/wp\/v2\/posts\/15549\/revisions"}],"predecessor-version":[{"id":15550,"href":"https:\/\/blogs.correiobraziliense.com.br\/servidor\/wp-json\/wp\/v2\/posts\/15549\/revisions\/15550"}],"wp:attachment":[{"href":"https:\/\/blogs.correiobraziliense.com.br\/servidor\/wp-json\/wp\/v2\/media?parent=15549"}],"wp:term":[{"taxonomy":"category","embeddable":true,"href":"https:\/\/blogs.correiobraziliense.com.br\/servidor\/wp-json\/wp\/v2\/categories?post=15549"},{"taxonomy":"post_tag","embeddable":true,"href":"https:\/\/blogs.correiobraziliense.com.br\/servidor\/wp-json\/wp\/v2\/tags?post=15549"}],"curies":[{"name":"wp","href":"https:\/\/api.w.org\/{rel}","templated":true}]}}