{"id":15544,"date":"2020-02-26T18:37:39","date_gmt":"2020-02-26T21:37:39","guid":{"rendered":"https:\/\/blogs.correiobraziliense.com.br\/servidor\/?p=15544"},"modified":"2020-02-26T19:28:10","modified_gmt":"2020-02-26T22:28:10","slug":"sergio-camargo-ao-retornar-demite-por-telefone-diretoria-negra-da-fundacao-palmares","status":"publish","type":"post","link":"https:\/\/blogs.correiobraziliense.com.br\/servidor\/sergio-camargo-ao-retornar-demite-por-telefone-diretoria-negra-da-fundacao-palmares\/","title":{"rendered":"S\u00e9rgio Camargo, ao retornar, demite por telefone diretoria negra da Funda\u00e7\u00e3o Palmares"},"content":{"rendered":"<p><em>\u00c0s v\u00e9speras da posse da Secret\u00e1ria Especial da Cultura, Regina Duarte, o presidente da Funda\u00e7\u00e3o Palmares, S\u00e9rgio Camargo, exonerou nessa Quarta-Feira de Cinzas, toda diretoria das \u00e1reas final\u00edsticas. Segundo informa\u00e7\u00f5es de funcion\u00e1rios, confirmadas pela assessoria de comunica\u00e7\u00e3o, &#8220;ele pr\u00f3prio telefonou para os diretores de departamento&#8221;<\/em><\/p>\n<p>Por uma &#8220;coincid\u00eancia&#8221;, apontam as fontes, o\u00a0 presidente S\u00e9rgio Nascimento de Camargo, retirou dos cargos &#8220;negros com reconhecida trajet\u00f3ria em pol\u00edticas p\u00fablicas em prol da cultura afro-brasileira&#8221;. Por telefone, ele argumentou que precisa &#8220;montar uma nova equipe de extrema direita&#8221;. \u201cVou seguir a linha do secret\u00e1rio Alvim\u201d, declarou aos diretores. A medida extrema teria sido tomada sem o aval de Regina Duarte. &#8220;Ele corre para fazer tudo que pode contra negros antes de ela entrar&#8221;, afirmou um funcion\u00e1rio.<\/p>\n<p>Estranhamente, dizem os servidores da Casa, todos foram contratados nessa atual gest\u00e3o e com indica\u00e7\u00e3o de pol\u00edticos ligados a Jair Bolsonaro. Grande parte n\u00e3o \u00e9 &#8220;necessariamente de esquerda ou de direita, s\u00e3o t\u00e9cnicos, apenas&#8221;, afirmou uma fonte. Entre os demitidos est\u00e3o dos respons\u00e1veis pela\u00a0Diretoria de prote\u00e7\u00e3o Afro-brasileira (DPA), Sionei Le\u00e3o, Diretoria de Fomento e Promo\u00e7\u00e3o da Cultura Afro-brasileira (DEP), Cl\u00f3vis Andr\u00e9 da Silva, e Centro Nacional de Informa\u00e7\u00e3o e Refer\u00eancia da Cultura Negra (Cenirp), K\u00e1tia Martins.<\/p>\n<p>De acordo com Cl\u00f3vis Silva, a liga\u00e7\u00e3o de S\u00e9rgio Camargo aconteceu por volta das 10 horas da manh\u00e3 de hoje. &#8220;Fomos pegos de surpresa. Ningu\u00e9m esperava. O presidente j\u00e1 estava a autorizado a retornar. Mas somente chegou na quinta (19) e estava tudo calmo&#8221;, contou. Ele, que j\u00e1 foi secret\u00e1rio da Igualdade Racial em Porto Alegre, chegou na Funda\u00e7\u00e3o em setembro de 2019 e diz que nunca participou que qualquer movimento de esquerda. &#8220;Sou um t\u00e9cnico. Direito social \u00e9 progressista. N\u00e3o sei onde ele incluiu extrema direita no debate&#8221;, estranhou.<\/p>\n<p><strong>Hist\u00f3rico<\/strong><\/p>\n<p>S\u00e9rgio Camargo foi nomeado presidente da Funda\u00e7\u00e3o Palmares em 27 de novembro de 2019. A funda\u00e7\u00e3o foi criada para defender e fomentar a cultura e manifesta\u00e7\u00f5es afro-brasileiras. A escolha do nome acabou virando pol\u00eamica porque ele j\u00e1 era conhecido por postar coment\u00e1rios racistas nas redes sociais. Entre outras p\u00e9rolas, ele disse que &#8220;n\u00e3o existe racismo real\u201d, foi contra o dia da Consci\u00eancia Negra e ainda falou que a escravid\u00e3o foi boa porque negros vivem em condi\u00e7\u00f5es melhores no Brasil do que na \u00c1frica. Se depender dele, ser\u00e1 extinto, por decreto, o feriado de Zumbi dos Palmares, a quem chamou de &#8220;um falso her\u00f3i dos negros&#8221;. O feriado, refor\u00e7ou, est\u00e1 causando \u201cincalcul\u00e1veis perdas \u00e0 economia do pa\u00eds\u201d.<\/p>\n<p>J\u00e1 o secret\u00e1rio especial da Cultura do governo do presidente Jair Bolsonaro, Roberto Alvim &#8211; agora substitu\u00eddo por Regina Duarte, a quem Camargo segue &#8220;a linha&#8221;, fez um discurso, no in\u00edcio de fevereiro, semelhante ao do ministro de Adolf Hitler da Propaganda da Alemanha Nazista, Joseph Goebbels, antissemita radical e um dos idealizadores do nazismo. Copiando\u00a0Goebbels, que ressaltou em meados do s\u00e9culo XX que a &#8220;arte alem\u00e3 da pr\u00f3xima d\u00e9cada ser\u00e1 heroica\u201d e \u201cimperativa\u201d, Alvim mencionou que a \u201carte brasileira da pr\u00f3xima d\u00e9cada ser\u00e1 heroica\u201d e \u201cimperativa\u201d.<\/p>\n<p>Camargo, que demorou a cair e s\u00f3 saiu por decis\u00e3o judicial, acabou retornando ao governo, tamb\u00e9m por decis\u00e3o judicial. Alvim mexeu em um vespeiro e n\u00e3o retornar\u00e1 (talvez nunca mais) \u00e0 cena pol\u00edtica. Em um artigo que leva o t\u00edtulo &#8220;Negros e judeus, dois pesos e duas medidas&#8221; (https:\/\/odia.ig.com.br\/opiniao\/2020\/02\/5864237-ivan-accioly&#8211;negros-e-judeus&#8211;dois-pesos-e-duas-medidas.html?utm_source=mobile&amp;utm_medium=social&amp;utm_campaign=whatsappArticle), o jornalista Ivan Aciolly d\u00e1 uma dica do porqu\u00ea Camargo retornou e Alvim, n\u00e3o:<\/p>\n<p>&#8220;Nos dois casos temos a evid\u00eancia do mais execr\u00e1vel que a sociedade pode gerar. Ambos s\u00e3o criminosos, mas vemos que os pesos e medidas, infelizmente, s\u00e3o incompar\u00e1veis. N\u00e3o se trata de disputar quem \u00e9 mais ou menos discriminado (nem \u00e9 necess\u00e1rio esse debate), mas de registrar e verbalizar, para mexer nas zonas de conforto. Afinal, no imagin\u00e1rio brasileiro o papel da popula\u00e7\u00e3o negra na estratifica\u00e7\u00e3o social leva \u00e0 minimiza\u00e7\u00e3o da indigna\u00e7\u00e3o frente \u00e0s ofensas e agress\u00f5es que sofre. Para o corpo negro s\u00e3o permitidas as relativiza\u00e7\u00f5es.&#8221;<\/p>\n<p><strong>O outro lado<\/strong><\/p>\n<p>Por meio de nota, a\u00a0Funda\u00e7\u00e3o Cultural Palmares (FCP) comunica que seu presidente, S\u00e9rgio\u00a0Camargo, &#8220;no direito e exerc\u00edcio de sua fun\u00e7\u00e3o se organiza para trazer a sua\u00a0equipe tendo como objetivo o cumprimento da miss\u00e3o institucional&#8221;.<\/p>\n<p>Para gerir os Setores Seccionais da Funda\u00e7\u00e3o \u2013 a Coordena\u00e7\u00e3o-Geral de\u00a0Gest\u00e3o Estrat\u00e9gica (CGE) e a Coordena\u00e7\u00e3o-Geral de Gest\u00e3o Interna (CGI) \u2013 &#8220;o\u00a0atual presidente, est\u00e1 trazendo servidores p\u00fablicos federais com as expertises\u00a0t\u00e9cnicas necess\u00e1rias aos cargos&#8221;.<\/p>\n<p>J\u00e1, os Setores Espec\u00edficos \u2013 Departamento de Fomento e Promo\u00e7\u00e3o da Cultura\u00a0Afro-brasileira (DEP), Departamento de Prote\u00e7\u00e3o ao Patrim\u00f4nio Afro-brasileira\u00a0(DPA) e Centro Nacional de Informa\u00e7\u00e3o e Refer\u00eancia da Cultura Negra (CNIRC)\u00a0\u2013 &#8220;ser\u00e3o chefiados por servidores p\u00fablicos com as atribui\u00e7\u00f5es t\u00e9cnicas\u00a0necess\u00e1rias que os cargos requerem&#8221;.<\/p>\n<p>&#8220;Esta Funda\u00e7\u00e3o informa ainda, que as indica\u00e7\u00f5es est\u00e3o cumprindo, neste\u00a0momento, os tr\u00e2mites para os procedimentos legais e administrativos\u00a0necess\u00e1rios \u00e0s nomea\u00e7\u00f5es deste corpo t\u00e9cnico especializado&#8221;, destaca, em nota a assessoria de imprensa da\u00a0Funda\u00e7\u00e3o Cultural Palmares<\/p>\n<p>&nbsp;<\/p>\n","protected":false},"excerpt":{"rendered":"<p>\u00c0s v\u00e9speras da posse da Secret\u00e1ria Especial da Cultura, Regina Duarte, o presidente da Funda\u00e7\u00e3o Palmares, S\u00e9rgio Camargo, exonerou nessa Quarta-Feira de Cinzas, toda diretoria das \u00e1reas final\u00edsticas. Segundo informa\u00e7\u00f5es de funcion\u00e1rios, confirmadas pela assessoria de comunica\u00e7\u00e3o, &#8220;ele pr\u00f3prio telefonou para os diretores de departamento&#8221; Por uma &#8220;coincid\u00eancia&#8221;, apontam as fontes, o\u00a0 presidente S\u00e9rgio Nascimento de Camargo, retirou dos cargos [&hellip;]<\/p>\n","protected":false},"author":27,"featured_media":0,"comment_status":"open","ping_status":"closed","sticky":false,"template":"","format":"standard","meta":{"footnotes":""},"categories":[2719],"tags":[17157,17159,4775,17155,717,17154,108,17153,88,17152,8740,6071,1341,17148,17160,17161,17158,3530,97,17151,17053,17150,17149,17147,2196,17156],"class_list":["post-15544","post","type-post","status-publish","format-standard","hentry","category-servidor","tag-adolf-hitler","tag-antissemita","tag-areas","tag-cenirp","tag-demitidos","tag-dep","tag-diretoria","tag-dpa","tag-economia","tag-extrema-direita","tag-falso","tag-finalisticas","tag-funcionarios","tag-fundacao-palmares","tag-heroica","tag-imperativa","tag-joseph-goebbels","tag-nazista","tag-negros","tag-quarta-feira-de-cinzas","tag-racista","tag-regina-duarte","tag-secretaria-especial-da-cultura","tag-sergio-camargo","tag-telefone","tag-zumbi-dos-palmares"],"_links":{"self":[{"href":"https:\/\/blogs.correiobraziliense.com.br\/servidor\/wp-json\/wp\/v2\/posts\/15544","targetHints":{"allow":["GET"]}}],"collection":[{"href":"https:\/\/blogs.correiobraziliense.com.br\/servidor\/wp-json\/wp\/v2\/posts"}],"about":[{"href":"https:\/\/blogs.correiobraziliense.com.br\/servidor\/wp-json\/wp\/v2\/types\/post"}],"author":[{"embeddable":true,"href":"https:\/\/blogs.correiobraziliense.com.br\/servidor\/wp-json\/wp\/v2\/users\/27"}],"replies":[{"embeddable":true,"href":"https:\/\/blogs.correiobraziliense.com.br\/servidor\/wp-json\/wp\/v2\/comments?post=15544"}],"version-history":[{"count":4,"href":"https:\/\/blogs.correiobraziliense.com.br\/servidor\/wp-json\/wp\/v2\/posts\/15544\/revisions"}],"predecessor-version":[{"id":15548,"href":"https:\/\/blogs.correiobraziliense.com.br\/servidor\/wp-json\/wp\/v2\/posts\/15544\/revisions\/15548"}],"wp:attachment":[{"href":"https:\/\/blogs.correiobraziliense.com.br\/servidor\/wp-json\/wp\/v2\/media?parent=15544"}],"wp:term":[{"taxonomy":"category","embeddable":true,"href":"https:\/\/blogs.correiobraziliense.com.br\/servidor\/wp-json\/wp\/v2\/categories?post=15544"},{"taxonomy":"post_tag","embeddable":true,"href":"https:\/\/blogs.correiobraziliense.com.br\/servidor\/wp-json\/wp\/v2\/tags?post=15544"}],"curies":[{"name":"wp","href":"https:\/\/api.w.org\/{rel}","templated":true}]}}