{"id":15539,"date":"2020-02-26T16:52:43","date_gmt":"2020-02-26T19:52:43","guid":{"rendered":"https:\/\/blogs.correiobraziliense.com.br\/servidor\/?p=15539"},"modified":"2020-02-26T16:52:43","modified_gmt":"2020-02-26T19:52:43","slug":"enap-curso-especial-para-liderancas-femininas","status":"publish","type":"post","link":"https:\/\/blogs.correiobraziliense.com.br\/servidor\/enap-curso-especial-para-liderancas-femininas\/","title":{"rendered":"Enap &#8211; Curso especial para lideran\u00e7as femininas"},"content":{"rendered":"<p><em>Enap, Ena e Embaixada da Fran\u00e7a oferecem curso para mulheres, nos\u00a0dias 10 e 11 de mar\u00e7o, em comemora\u00e7\u00e3o ao M\u00eas da Mulher. Inscri\u00e7\u00f5es\u00a0se encerram em 6 de mar\u00e7o. Veja como participar<\/em><\/p>\n<p>A Enap, em parceria com Embaixada da Fran\u00e7a e Escola de Administra\u00e7\u00e3o\u00a0P\u00fablica da Fran\u00e7a, oferece curso para aprimorar compet\u00eancias de mulheres\u00a0que ocupam cargos de lideran\u00e7a na administra\u00e7\u00e3o p\u00fablica federal. A fil\u00f3sofa e\u00a0escritora francesa Gis\u00e8le Szczyglak estar\u00e1 na Enap dias 10 e 11 de mar\u00e7o para\u00a0o curso \u201cLideran\u00e7a Feminina: consolidando compet\u00eancias e\u00a0potencializando sua influ\u00eancia\u201d.<\/p>\n<p>O curso \u00e9 voltado para mulheres em cargos de lideran\u00e7a na\u00a0administra\u00e7\u00e3o p\u00fablica federal, secret\u00e1rias-executivas, secret\u00e1rias\u00a0nacionais, diretoras, coordenadoras-gerais e assessoras, dirigentes de\u00a0autarquias, funda\u00e7\u00f5es, ag\u00eancias, empresas p\u00fablicas e de economia mista,\u00a0bem como dirigentes atuantes nos poderes Legislativo e Judici\u00e1rio.<\/p>\n<p>Gis\u00e8le Szczyglak ministrou seus primeiros cursos na Enap em 2016. Neste\u00a0curso, ela ensina sobre as motiva\u00e7\u00f5es para o desenvolvimento da lideran\u00e7a,\u00a0compet\u00eancias e t\u00e9cnicas de influ\u00eancia, comunica\u00e7\u00e3o e marketing pessoal.<\/p>\n<p>Ela \u00e9 fundadora e CEO da WLC Partners e da association international Open\u00a0Mentoring Network. \u00c9 especialista em mentoring, intelig\u00eancia coletiva, lideran\u00e7a\u00a0feminina, gest\u00e3o de talentos, implementa\u00e7\u00e3o de redes profissionais e marketing\u00a0pessoal. Ph.D em Filosofia Pol\u00edtica pela Universidade de Toulouse II, p\u00f3s doc\u00a0em Sociologia e em \u00c9tica Aplicada pela Universidade de Montreal. \u00c9 autora\u00a0dos livros: Do women colaborate with other women; Practical Guide to\u00a0mentoring ; How to be a brilliant mentor;\u00a0 D\u00e9veloppez votre leadership: cultiver\u00a0son influence pour entra\u00eener dans l&#8217;action.<\/p>\n<p><strong>Servi\u00e7o<\/strong><br \/>\nCurso Lideran\u00e7a Feminina: consolidando compet\u00eancias e potencializando sua\u00a0influ\u00eancia<br \/>\nData: 10 e 11 de mar\u00e7o de 2020<br \/>\nHor\u00e1rio: das 8h30 \u00e0s 12h30 e das 14 \u00e0s 18h (carga 16h)<br \/>\nEnap &#8211; Espa\u00e7o Nexus &#8211;\u00a0SAIS \u00c1rea 2A &#8211; Bras\u00edlia (DF)<br \/>\n40 vagas<br \/>\nO curso ser\u00e1 ministrado em franc\u00eas, com tradu\u00e7\u00e3o simult\u00e2nea para o\u00a0portugu\u00eas.<br \/>\nLink para a programa\u00e7\u00e3o completa e inscri\u00e7\u00f5es:<br \/>\nhttps:\/\/suap.enap.gov.br\/portaldoaluno\/curso\/841\/<\/p>\n","protected":false},"excerpt":{"rendered":"<p>Enap, Ena e Embaixada da Fran\u00e7a oferecem curso para mulheres, nos\u00a0dias 10 e 11 de mar\u00e7o, em comemora\u00e7\u00e3o ao M\u00eas da Mulher. Inscri\u00e7\u00f5es\u00a0se encerram em 6 de mar\u00e7o. Veja como participar A Enap, em parceria com Embaixada da Fran\u00e7a e Escola de Administra\u00e7\u00e3o\u00a0P\u00fablica da Fran\u00e7a, oferece curso para aprimorar compet\u00eancias de mulheres\u00a0que ocupam cargos de lideran\u00e7a na administra\u00e7\u00e3o p\u00fablica federal. [&hellip;]<\/p>\n","protected":false},"author":27,"featured_media":0,"comment_status":"open","ping_status":"closed","sticky":false,"template":"","format":"standard","meta":{"footnotes":""},"categories":[2719],"tags":[17140,791,2852,1076,3355,17139,7179,308,1202,10893,17141,17142,781,1256,1277,1772,10303],"class_list":["post-15539","post","type-post","status-publish","format-standard","hentry","category-servidor","tag-administracao-publica-federal","tag-cargos","tag-competencia","tag-curso","tag-desenvolvimento","tag-embaixada-da-franca","tag-ena","tag-enap","tag-especial","tag-femininas","tag-filosofa","tag-francesas-gisele-szczyglak","tag-inscricoes","tag-liderancas","tag-mes-da-mulher","tag-parceria","tag-traducao"],"_links":{"self":[{"href":"https:\/\/blogs.correiobraziliense.com.br\/servidor\/wp-json\/wp\/v2\/posts\/15539","targetHints":{"allow":["GET"]}}],"collection":[{"href":"https:\/\/blogs.correiobraziliense.com.br\/servidor\/wp-json\/wp\/v2\/posts"}],"about":[{"href":"https:\/\/blogs.correiobraziliense.com.br\/servidor\/wp-json\/wp\/v2\/types\/post"}],"author":[{"embeddable":true,"href":"https:\/\/blogs.correiobraziliense.com.br\/servidor\/wp-json\/wp\/v2\/users\/27"}],"replies":[{"embeddable":true,"href":"https:\/\/blogs.correiobraziliense.com.br\/servidor\/wp-json\/wp\/v2\/comments?post=15539"}],"version-history":[{"count":1,"href":"https:\/\/blogs.correiobraziliense.com.br\/servidor\/wp-json\/wp\/v2\/posts\/15539\/revisions"}],"predecessor-version":[{"id":15541,"href":"https:\/\/blogs.correiobraziliense.com.br\/servidor\/wp-json\/wp\/v2\/posts\/15539\/revisions\/15541"}],"wp:attachment":[{"href":"https:\/\/blogs.correiobraziliense.com.br\/servidor\/wp-json\/wp\/v2\/media?parent=15539"}],"wp:term":[{"taxonomy":"category","embeddable":true,"href":"https:\/\/blogs.correiobraziliense.com.br\/servidor\/wp-json\/wp\/v2\/categories?post=15539"},{"taxonomy":"post_tag","embeddable":true,"href":"https:\/\/blogs.correiobraziliense.com.br\/servidor\/wp-json\/wp\/v2\/tags?post=15539"}],"curies":[{"name":"wp","href":"https:\/\/api.w.org\/{rel}","templated":true}]}}