{"id":15526,"date":"2020-02-26T14:26:43","date_gmt":"2020-02-26T17:26:43","guid":{"rendered":"https:\/\/blogs.correiobraziliense.com.br\/servidor\/?p=15526"},"modified":"2020-02-26T14:26:43","modified_gmt":"2020-02-26T17:26:43","slug":"nota-das-centrais-sindicais-contra-declaracoes-de-jair-bolsonaro","status":"publish","type":"post","link":"https:\/\/blogs.correiobraziliense.com.br\/servidor\/nota-das-centrais-sindicais-contra-declaracoes-de-jair-bolsonaro\/","title":{"rendered":"Nota das centrais sindicais contra declara\u00e7\u00f5es de Jair Bolsonaro"},"content":{"rendered":"<p><em>&#8220;A Na\u00e7\u00e3o brasileira deve repudiar a enorme inseguran\u00e7a pol\u00edtica que fere a liberdade, os direitos dos cidad\u00e3os, que trava a retomada do crescimento e, por consequ\u00eancia, alimenta o desemprego e a pobreza. Precisamos ultrapassar essa fase de bate-bocas nas redes sociais e de manifesta\u00e7\u00f5es oficiais de rep\u00fadio aos descalabros do presidente da Rep\u00fablica. N\u00e3o podemos deixar que os recorrentes ataques \u00e0 nossa democracia e \u00e0 estabilidade social conquistadas ap\u00f3s o fim da ditadura militar e, sobretudo, desde a Constitui\u00e7\u00e3o Cidad\u00e3 de 1988, tornem-se a nova normalidade&#8221;, destacam as entidades<\/em><\/p>\n<p>Veja a nota:<\/p>\n<p>&#8220;<span style=\"font-size: large\"><b>Exigimos provid\u00eancias para resguardar o Estado de Direito! Ditadura nunca mais!<\/b><\/span><\/p>\n<p><span style=\"font-size: large\">Na noite desta ter\u00e7a-feira de Carnaval, 25 de fevereiro, a sociedade brasileira recebeu com espanto a not\u00edcia de que o presidente da Rep\u00fablica, eleito democraticamente pelo voto em outubro de 2018, assim como governadores, deputados e senadores, disparou por meio do seu Whatsapp convocat\u00f3ria para uma manifesta\u00e7\u00e3o contra o Congresso Nacional e o Supremo Tribunal Federal, a ser realizada em todo pa\u00eds em 15 de mar\u00e7o pr\u00f3ximo.<\/span><\/p>\n<p><span style=\"font-size: large\">Com esse ato, mais uma vez, o presidente ignora a responsabilidade do cargo que ocupa pelo voto e age, deliberadamente, de m\u00e1-f\u00e9, apostando em um golpe contra a democracia, a liberdade, a Constitui\u00e7\u00e3o, a Na\u00e7\u00e3o e as Institui\u00e7\u00f5es.<\/span><\/p>\n<p><span style=\"font-size: large\">N\u00e3o h\u00e1 atitude banal, descuidada e de \u201ccunho pessoal\u201d de um presidente da Rep\u00fablica. Seus atos devem sempre representar a Na\u00e7\u00e3o e, se assim n\u00e3o o fazem, comete crime de responsabilidade com suas consequ\u00eancias.<\/span><\/p>\n<p><span style=\"font-size: large\">Ressaltamos que, segundo o Art. 85 da Constitui\u00e7\u00e3o Federal:<\/span><\/p>\n<p>\u201c<span style=\"font-size: large\">S\u00e3o crimes de responsabilidade os atos do Presidente da Rep\u00fablica que atentem contra a Constitui\u00e7\u00e3o Federal e, especialmente, contra: II &#8211; o livre exerc\u00edcio do Poder Legislativo, do Poder Judici\u00e1rio, do Minist\u00e9rio P\u00fablico e dos Poderes constitucionais das unidades da Federa\u00e7\u00e3o\u201d.<\/span><\/p>\n<p><span style=\"font-size: large\">A Na\u00e7\u00e3o brasileira deve repudiar a enorme inseguran\u00e7a pol\u00edtica que fere a liberdade, os direitos dos cidad\u00e3os, que trava a retomada do crescimento e, por consequ\u00eancia, alimenta o desemprego e a pobreza.<\/span><\/p>\n<p><span style=\"font-size: large\">Precisamos ultrapassar essa fase de bate-bocas nas redes sociais e de manifesta\u00e7\u00f5es oficiais de rep\u00fadio aos descalabros do presidente da Rep\u00fablica.<\/span><\/p>\n<p><span style=\"font-size: large\">N\u00e3o podemos deixar que os recorrentes ataques \u00e0 nossa democracia e \u00e0 estabilidade social conquistadas ap\u00f3s o fim da ditadura militar e, sobretudo, desde a Constitui\u00e7\u00e3o Cidad\u00e3 de 1988, tornem-se a nova normalidade.<\/span><\/p>\n<p><span style=\"font-size: large\">Diante desse escandaloso fato, as Centrais Sindicais consideram urgente que o Supremo Tribunal Federal e o Congresso Nacional se posicionem e encaminhem as provid\u00eancias legais e necess\u00e1rias, antes que seja tarde demais.<\/span><\/p>\n<p><span style=\"font-size: large\">Do mesmo modo, conclamamos a m\u00e1xima unidade de todas as for\u00e7as sociais na defesa intransigente da liberdade, das institui\u00e7\u00f5es e do Estado Democr\u00e1tico de Direito.<\/span><\/p>\n<p><span style=\"font-size: large\">S\u00e3o Paulo, 26 de fevereiro de 2020<\/span><\/p>\n<p><b>Sergio Nobre<\/b>, presidente da CUT (Central \u00fanica dos Trabalhadores)<\/p>\n<p><b>Miguel Torres<\/b>, presidente da For\u00e7a Sindical<\/p>\n<p><b>Ricardo Patah<\/b>, presidente da UGT (Uni\u00e3o Geral dos Trabalhadores )<\/p>\n<p><b>Adilson Ara\u00fajo<\/b>, presidente da CTB (Central de Trabalhadores e Trabalhadoras do Brasil)<\/p>\n<p><b>Jos\u00e9 Calixto Ramos<\/b>, presidente da NCST (Nova Central de Sindical de Trabalhadores)<\/p>\n<p><b>Antonio Neto<\/b>, presidente da CSB (Central de Sindicatos do Brasil)<\/p>\n<p><b>Atnagoras Lopes<\/b>, secret\u00e1rio nacional da CSP CONLUTAS<\/p>\n<p><b>Edson Carneiro \u00cdndio<\/b>, secret\u00e1rio geral da Intersindical Central da Classe Trabalhadora<\/p>\n<p><b>Ubirac\u00ed Dantas de Oliveira<\/b>, presidente da CGTB (Central Geral dos Trabalhadores do Brasil)&#8221;<\/p>\n<p>&nbsp;<\/p>\n","protected":false},"excerpt":{"rendered":"<p>&#8220;A Na\u00e7\u00e3o brasileira deve repudiar a enorme inseguran\u00e7a pol\u00edtica que fere a liberdade, os direitos dos cidad\u00e3os, que trava a retomada do crescimento e, por consequ\u00eancia, alimenta o desemprego e a pobreza. Precisamos ultrapassar essa fase de bate-bocas nas redes sociais e de manifesta\u00e7\u00f5es oficiais de rep\u00fadio aos descalabros do presidente da Rep\u00fablica. N\u00e3o podemos deixar que os recorrentes ataques [&hellip;]<\/p>\n","protected":false},"author":27,"featured_media":0,"comment_status":"open","ping_status":"closed","sticky":false,"template":"","format":"standard","meta":{"footnotes":""},"categories":[2719],"tags":[17130,1101,1213,2584,795,1218,4053,17131,2293,619,620,3471,13649,37,8629,1415,1083,2103],"class_list":["post-15526","post","type-post","status-publish","format-standard","hentry","category-servidor","tag-bate-bocas","tag-centrais-sindicais","tag-cidadaos","tag-constituicao","tag-crescimento","tag-declaracoes","tag-democracia","tag-descalabros","tag-desemprego","tag-direitos","tag-estabilidade","tag-inseguranca","tag-jair-bolsonaro","tag-nota","tag-pobreza","tag-politica","tag-redes-sociais","tag-social"],"_links":{"self":[{"href":"https:\/\/blogs.correiobraziliense.com.br\/servidor\/wp-json\/wp\/v2\/posts\/15526","targetHints":{"allow":["GET"]}}],"collection":[{"href":"https:\/\/blogs.correiobraziliense.com.br\/servidor\/wp-json\/wp\/v2\/posts"}],"about":[{"href":"https:\/\/blogs.correiobraziliense.com.br\/servidor\/wp-json\/wp\/v2\/types\/post"}],"author":[{"embeddable":true,"href":"https:\/\/blogs.correiobraziliense.com.br\/servidor\/wp-json\/wp\/v2\/users\/27"}],"replies":[{"embeddable":true,"href":"https:\/\/blogs.correiobraziliense.com.br\/servidor\/wp-json\/wp\/v2\/comments?post=15526"}],"version-history":[{"count":1,"href":"https:\/\/blogs.correiobraziliense.com.br\/servidor\/wp-json\/wp\/v2\/posts\/15526\/revisions"}],"predecessor-version":[{"id":15527,"href":"https:\/\/blogs.correiobraziliense.com.br\/servidor\/wp-json\/wp\/v2\/posts\/15526\/revisions\/15527"}],"wp:attachment":[{"href":"https:\/\/blogs.correiobraziliense.com.br\/servidor\/wp-json\/wp\/v2\/media?parent=15526"}],"wp:term":[{"taxonomy":"category","embeddable":true,"href":"https:\/\/blogs.correiobraziliense.com.br\/servidor\/wp-json\/wp\/v2\/categories?post=15526"},{"taxonomy":"post_tag","embeddable":true,"href":"https:\/\/blogs.correiobraziliense.com.br\/servidor\/wp-json\/wp\/v2\/tags?post=15526"}],"curies":[{"name":"wp","href":"https:\/\/api.w.org\/{rel}","templated":true}]}}