{"id":15523,"date":"2020-02-26T14:18:35","date_gmt":"2020-02-26T17:18:35","guid":{"rendered":"https:\/\/blogs.correiobraziliense.com.br\/servidor\/?p=15523"},"modified":"2020-02-26T14:18:35","modified_gmt":"2020-02-26T17:18:35","slug":"cofecon-em-prol-da-democracia-e-dos-principios-constitucionais","status":"publish","type":"post","link":"https:\/\/blogs.correiobraziliense.com.br\/servidor\/cofecon-em-prol-da-democracia-e-dos-principios-constitucionais\/","title":{"rendered":"Cofecon &#8211; Em prol da democracia e dos princ\u00edpios constitucionais"},"content":{"rendered":"<p><em>O presidente do Conselho Federal de Economia (Cofecon) se manifesta contra as declara\u00e7\u00f5es do presidente Jair Bolsonaro e em defesa da Constitui\u00e7\u00e3o e da democracia<\/em><\/p>\n<p>Veja a nota:<\/p>\n<p>&#8220;Diante da convoca\u00e7\u00e3o expressa pelo presidente da Rep\u00fablica, por meio de redes sociais, pelo cerceamento da liberdade de express\u00e3o do Poder Legislativo, o presidente do Conselho Federal de Economia (Cofecon) vem se manifestar em defesa da democracia e do cumprimento da Constitui\u00e7\u00e3o Federal.<\/p>\n<p>O Estado Democr\u00e1tico de Direito, o equil\u00edbrio entre os Poderes da Rep\u00fablica e a liberdade de express\u00e3o s\u00e3o pressupostos da Carta Magna brasileira. N\u00e3o \u00e9 admiss\u00edvel que se tente vilipendiar a conquista da sociedade na pr\u00e1tica dos seus direitos fundamentais. Menos ainda quando a a\u00e7\u00e3o visa a interesses outros que n\u00e3o aqueles do coletivo.<\/p>\n<p>Em defesa da Constitui\u00e7\u00e3o, da democracia e das institui\u00e7\u00f5es!<\/p>\n<p>Economista Antonio Corr\u00eaa de Lacerda, presidente do Cofecon&#8221;<\/p>\n","protected":false},"excerpt":{"rendered":"<p>O presidente do Conselho Federal de Economia (Cofecon) se manifesta contra as declara\u00e7\u00f5es do presidente Jair Bolsonaro e em defesa da Constitui\u00e7\u00e3o e da democracia Veja a nota: &#8220;Diante da convoca\u00e7\u00e3o expressa pelo presidente da Rep\u00fablica, por meio de redes sociais, pelo cerceamento da liberdade de express\u00e3o do Poder Legislativo, o presidente do Conselho Federal de Economia (Cofecon) vem se [&hellip;]<\/p>\n","protected":false},"author":27,"featured_media":0,"comment_status":"open","ping_status":"closed","sticky":false,"template":"","format":"standard","meta":{"footnotes":""},"categories":[2719],"tags":[15965,4714,2141,2584,17129,4645,5166,7005],"class_list":["post-15523","post","type-post","status-publish","format-standard","hentry","category-servidor","tag-cerceamento","tag-cofecon","tag-constitucionais","tag-constituicao","tag-democaria","tag-poder-legislativo","tag-presidente-da-republica","tag-principios"],"_links":{"self":[{"href":"https:\/\/blogs.correiobraziliense.com.br\/servidor\/wp-json\/wp\/v2\/posts\/15523","targetHints":{"allow":["GET"]}}],"collection":[{"href":"https:\/\/blogs.correiobraziliense.com.br\/servidor\/wp-json\/wp\/v2\/posts"}],"about":[{"href":"https:\/\/blogs.correiobraziliense.com.br\/servidor\/wp-json\/wp\/v2\/types\/post"}],"author":[{"embeddable":true,"href":"https:\/\/blogs.correiobraziliense.com.br\/servidor\/wp-json\/wp\/v2\/users\/27"}],"replies":[{"embeddable":true,"href":"https:\/\/blogs.correiobraziliense.com.br\/servidor\/wp-json\/wp\/v2\/comments?post=15523"}],"version-history":[{"count":1,"href":"https:\/\/blogs.correiobraziliense.com.br\/servidor\/wp-json\/wp\/v2\/posts\/15523\/revisions"}],"predecessor-version":[{"id":15524,"href":"https:\/\/blogs.correiobraziliense.com.br\/servidor\/wp-json\/wp\/v2\/posts\/15523\/revisions\/15524"}],"wp:attachment":[{"href":"https:\/\/blogs.correiobraziliense.com.br\/servidor\/wp-json\/wp\/v2\/media?parent=15523"}],"wp:term":[{"taxonomy":"category","embeddable":true,"href":"https:\/\/blogs.correiobraziliense.com.br\/servidor\/wp-json\/wp\/v2\/categories?post=15523"},{"taxonomy":"post_tag","embeddable":true,"href":"https:\/\/blogs.correiobraziliense.com.br\/servidor\/wp-json\/wp\/v2\/tags?post=15523"}],"curies":[{"name":"wp","href":"https:\/\/api.w.org\/{rel}","templated":true}]}}