{"id":15519,"date":"2020-02-21T12:37:34","date_gmt":"2020-02-21T15:37:34","guid":{"rendered":"https:\/\/blogs.correiobraziliense.com.br\/servidor\/?p=15519"},"modified":"2020-02-21T12:37:34","modified_gmt":"2020-02-21T15:37:34","slug":"solidariedade-expulsa-vereador-sargento-que-coordenou-motim-no-ceara","status":"publish","type":"post","link":"https:\/\/blogs.correiobraziliense.com.br\/servidor\/solidariedade-expulsa-vereador-sargento-que-coordenou-motim-no-ceara\/","title":{"rendered":"Solidariedade expulsa vereador Sargento que coordenou motim no Cear\u00e1"},"content":{"rendered":"<p><em>Por meio de nota, a dire\u00e7\u00e3o nacional do Solidariedade, junto do diret\u00f3rio estadual do partido no Cear\u00e1, v\u00eam a p\u00fablico anunciar a expuls\u00e3o do vereador Sargento Ailton do partido. O parlamentar foi flagrado como um dos l\u00edderes do motim de policiais que causaram o confronto e baleou o senador Cid Gomes.<\/em><\/p>\n<p>De acordo com o documento, essa decis\u00e3o, tomada em conjunto com o deputado federal e presidente nacional do Solidariedade, Paulinho da For\u00e7a, e o presidente estadual do partido, deputado federal Genecias Noronha, &#8220;vem mostrar que n\u00e3o compactuamos com a\u00e7\u00f5es que violentem e agridem a democracia&#8221;.<\/p>\n<p>&#8220;O Solidariedade mantem s\u00f3lidas bases democr\u00e1ticas e n\u00e3o permite que seus filiados tomem frente de a\u00e7\u00f5es que podem prejudicar a popula\u00e7\u00e3o. \u00c9 inadmiss\u00edvel que um membro de nosso partido participe de a\u00e7\u00f5es que obriguem comerciantes fecharem suas portas e que acabe em um senador da Rep\u00fablica baleado&#8221;, explicou o partido pol\u00edtico.<\/p>\n<p>Na nota, o Solidariedade reitera que seu compromisso sempre foi com a paz e o progresso do Brasil. &#8220;O Solidariedade n\u00e3o aceita esse desvio de conduta e aplicou a san\u00e7\u00e3o devida, tendo como base a gravidade da infra\u00e7\u00e3o&#8221;, destaca.<\/p>\n<p>&#8220;N\u00f3s n\u00e3o trabalhamos com milit\u00e2ncia do terror que causam a depreda\u00e7\u00e3o do patrim\u00f4nio de pessoas e n\u00e3o podemos aceitar que policiais e agentes p\u00fablicos, encapuzados e armados como milicianos, levem o terrorismo \u00e0s ruas&#8221;.<\/p>\n<p>&#8220;Hoje vemos em diversos estados essas mil\u00edcias que agem como bandidos e criam suas pr\u00f3prias leis. A popula\u00e7\u00e3o fica perdida sem saber quem s\u00e3o os marginais nesta crescente onda de viol\u00eancia promovida por agentes p\u00fablicos fora da lei&#8221;.<\/p>\n<p>A decis\u00e3o \u00e9 de car\u00e1ter irrevog\u00e1vel, garante o Solidariedade. &#8220;Continuaremos trabalhando para que a paz volte a reinar no Cear\u00e1 e reiteramos que n\u00e3o admitimos que um de nossos militantes participe desse tipo de balb\u00fardia que atinge diretamente a popula\u00e7\u00e3o&#8221;.<\/p>\n<p>A nota \u00e9 assinada por\u00a0Paulinho da For\u00e7a, presidente nacional do Solidariedade e deputado federal, e\u00a0Genecias Noronha, presidente do Solidariedade\/CE e deputado federal.<\/p>\n","protected":false},"excerpt":{"rendered":"<p>Por meio de nota, a dire\u00e7\u00e3o nacional do Solidariedade, junto do diret\u00f3rio estadual do partido no Cear\u00e1, v\u00eam a p\u00fablico anunciar a expuls\u00e3o do vereador Sargento Ailton do partido. O parlamentar foi flagrado como um dos l\u00edderes do motim de policiais que causaram o confronto e baleou o senador Cid Gomes. De acordo com o documento, essa decis\u00e3o, tomada em [&hellip;]<\/p>\n","protected":false},"author":27,"featured_media":0,"comment_status":"open","ping_status":"closed","sticky":false,"template":"","format":"standard","meta":{"footnotes":""},"categories":[2719],"tags":[17127,3963,17128,5446,5977,17125,4053,352,1961,17126,829,1417,17124,5499,2833,3542],"class_list":["post-15519","post","type-post","status-publish","format-standard","hentry","category-servidor","tag-beleou","tag-ceara","tag-cid-gomes","tag-comerciantes","tag-confronto","tag-coordenou","tag-democracia","tag-expulsa","tag-lideres","tag-motim","tag-parlamentar","tag-republica","tag-sargento","tag-senador","tag-solidariedade","tag-vereador"],"_links":{"self":[{"href":"https:\/\/blogs.correiobraziliense.com.br\/servidor\/wp-json\/wp\/v2\/posts\/15519","targetHints":{"allow":["GET"]}}],"collection":[{"href":"https:\/\/blogs.correiobraziliense.com.br\/servidor\/wp-json\/wp\/v2\/posts"}],"about":[{"href":"https:\/\/blogs.correiobraziliense.com.br\/servidor\/wp-json\/wp\/v2\/types\/post"}],"author":[{"embeddable":true,"href":"https:\/\/blogs.correiobraziliense.com.br\/servidor\/wp-json\/wp\/v2\/users\/27"}],"replies":[{"embeddable":true,"href":"https:\/\/blogs.correiobraziliense.com.br\/servidor\/wp-json\/wp\/v2\/comments?post=15519"}],"version-history":[{"count":1,"href":"https:\/\/blogs.correiobraziliense.com.br\/servidor\/wp-json\/wp\/v2\/posts\/15519\/revisions"}],"predecessor-version":[{"id":15520,"href":"https:\/\/blogs.correiobraziliense.com.br\/servidor\/wp-json\/wp\/v2\/posts\/15519\/revisions\/15520"}],"wp:attachment":[{"href":"https:\/\/blogs.correiobraziliense.com.br\/servidor\/wp-json\/wp\/v2\/media?parent=15519"}],"wp:term":[{"taxonomy":"category","embeddable":true,"href":"https:\/\/blogs.correiobraziliense.com.br\/servidor\/wp-json\/wp\/v2\/categories?post=15519"},{"taxonomy":"post_tag","embeddable":true,"href":"https:\/\/blogs.correiobraziliense.com.br\/servidor\/wp-json\/wp\/v2\/tags?post=15519"}],"curies":[{"name":"wp","href":"https:\/\/api.w.org\/{rel}","templated":true}]}}