{"id":15507,"date":"2020-02-20T20:30:11","date_gmt":"2020-02-20T23:30:11","guid":{"rendered":"https:\/\/blogs.correiobraziliense.com.br\/servidor\/?p=15507"},"modified":"2020-02-20T20:30:11","modified_gmt":"2020-02-20T23:30:11","slug":"contraf-denuncia-caixa-no-mpt-por-demissao-de-pessoas-com-deficiencia","status":"publish","type":"post","link":"https:\/\/blogs.correiobraziliense.com.br\/servidor\/contraf-denuncia-caixa-no-mpt-por-demissao-de-pessoas-com-deficiencia\/","title":{"rendered":"Contraf denuncia Caixa no MPT por demiss\u00e3o de pessoas com defici\u00eancia"},"content":{"rendered":"<p><em>Na audi\u00eancia de hoje, a Fenae passou \u00e0 procuradoria algumas das principais ocorr\u00eancias relatadas pelos trabalhadores que procuraram a federa\u00e7\u00e3o para pedir ajuda. O MPT acolheu a den\u00fancia e dar\u00e1 os devidos encaminhamentos.<\/em><\/p>\n<p>A diretora de Sa\u00fade e Previd\u00eancia da Federa\u00e7\u00e3o Nacional das Associa\u00e7\u00f5es do Pessoal da Caixa Econ\u00f4mica Federal (Fenae), Fabiana Matheus, e a diretora da Confedera\u00e7\u00e3o Nacional dos Trabalhadores do Ramo Financeiro (Contraf-CUT), Fabiana Uehara, compareceram, nesta quinta-feira (20), ao Minist\u00e9rio P\u00fablico do Trabalho (MPT) para tratar da den\u00fancia contra a Caixa na demiss\u00e3o de Pessoas com Defici\u00eancia (PCD) ainda em per\u00edodo probat\u00f3rio.<\/p>\n<p>No in\u00edcio de novembro a Fenae apresentou den\u00fancia ao MPT, ap\u00f3s receber v\u00e1rios relatos de funcion\u00e1rios, contra a Caixa por demiss\u00e3o de PCD em per\u00edodo de experi\u00eancia. Al\u00e9m das demiss\u00f5es injustas, os PCD t\u00eam sofrido situa\u00e7\u00f5es humilhantes no ambiente de trabalho, afirmam.<\/p>\n","protected":false},"excerpt":{"rendered":"<p>Na audi\u00eancia de hoje, a Fenae passou \u00e0 procuradoria algumas das principais ocorr\u00eancias relatadas pelos trabalhadores que procuraram a federa\u00e7\u00e3o para pedir ajuda. O MPT acolheu a den\u00fancia e dar\u00e1 os devidos encaminhamentos. A diretora de Sa\u00fade e Previd\u00eancia da Federa\u00e7\u00e3o Nacional das Associa\u00e7\u00f5es do Pessoal da Caixa Econ\u00f4mica Federal (Fenae), Fabiana Matheus, e a diretora da Confedera\u00e7\u00e3o Nacional dos [&hellip;]<\/p>\n","protected":false},"author":27,"featured_media":0,"comment_status":"open","ping_status":"closed","sticky":false,"template":"","format":"standard","meta":{"footnotes":""},"categories":[2719],"tags":[1149,15783,1017,134,16335,3474,17111,15312,9219],"class_list":["post-15507","post","type-post","status-publish","format-standard","hentry","category-servidor","tag-caixa","tag-contraf","tag-demissao","tag-denuncia","tag-fenae","tag-mpt","tag-pcd","tag-pessoas-com-deficiencia","tag-probatorio"],"_links":{"self":[{"href":"https:\/\/blogs.correiobraziliense.com.br\/servidor\/wp-json\/wp\/v2\/posts\/15507","targetHints":{"allow":["GET"]}}],"collection":[{"href":"https:\/\/blogs.correiobraziliense.com.br\/servidor\/wp-json\/wp\/v2\/posts"}],"about":[{"href":"https:\/\/blogs.correiobraziliense.com.br\/servidor\/wp-json\/wp\/v2\/types\/post"}],"author":[{"embeddable":true,"href":"https:\/\/blogs.correiobraziliense.com.br\/servidor\/wp-json\/wp\/v2\/users\/27"}],"replies":[{"embeddable":true,"href":"https:\/\/blogs.correiobraziliense.com.br\/servidor\/wp-json\/wp\/v2\/comments?post=15507"}],"version-history":[{"count":1,"href":"https:\/\/blogs.correiobraziliense.com.br\/servidor\/wp-json\/wp\/v2\/posts\/15507\/revisions"}],"predecessor-version":[{"id":15508,"href":"https:\/\/blogs.correiobraziliense.com.br\/servidor\/wp-json\/wp\/v2\/posts\/15507\/revisions\/15508"}],"wp:attachment":[{"href":"https:\/\/blogs.correiobraziliense.com.br\/servidor\/wp-json\/wp\/v2\/media?parent=15507"}],"wp:term":[{"taxonomy":"category","embeddable":true,"href":"https:\/\/blogs.correiobraziliense.com.br\/servidor\/wp-json\/wp\/v2\/categories?post=15507"},{"taxonomy":"post_tag","embeddable":true,"href":"https:\/\/blogs.correiobraziliense.com.br\/servidor\/wp-json\/wp\/v2\/tags?post=15507"}],"curies":[{"name":"wp","href":"https:\/\/api.w.org\/{rel}","templated":true}]}}