{"id":15501,"date":"2020-02-20T18:22:07","date_gmt":"2020-02-20T21:22:07","guid":{"rendered":"https:\/\/blogs.correiobraziliense.com.br\/servidor\/?p=15501"},"modified":"2020-02-20T18:26:16","modified_gmt":"2020-02-20T21:26:16","slug":"fenapef-policiais-federais-prendem-envolvidos-na-morte-do-agente-ronaldo-heeren","status":"publish","type":"post","link":"https:\/\/blogs.correiobraziliense.com.br\/servidor\/fenapef-policiais-federais-prendem-envolvidos-na-morte-do-agente-ronaldo-heeren\/","title":{"rendered":"Fenapef &#8211; Policiais Federais prendem envolvidos na morte do agente Ronaldo Heeren"},"content":{"rendered":"<p><em>Mais dois milicianos foram detidos hoje pela PF. O assassinato foi no dia 13. Um j\u00e1 havia sido localizado no s\u00e1bado. Fenapef agradece o empenho dos colegas e da PRF e exige investiga\u00e7\u00e3o rigorosa dos fatos<\/em><\/p>\n<p>Dois milicianos suspeitos da morte do agente federal Ronaldo Heeren foram presos na manh\u00e3 desta quinta-feira (20). Eles s\u00e3o conhecidos como Di Vaca e Dejavan. Estavam em Sepetiba, Zona Oeste do Rio. Com eles foram apreendidas duas pistolas.A Federa\u00e7\u00e3o Nacional dos Policiais Federais (Fenapef) agradece o empenho dos colegas, tanto da Pol\u00edcia Federal quanto da Pol\u00edcia Rodovi\u00e1ria Federal (PRF) que est\u00e3o trabalhando com afinco para desvendar o crime e punir os culpados. Foi esse empenho que levou \u00e0 pris\u00e3o de bandidos conhecidos como Di Vaca e Dejavan em Sepetiba, na Zona Oeste do Rio.<\/p>\n<p>No s\u00e1bado, colegas da PRF detiveram Leandro Pereira da Silva, conhecido como \u201cL\u00e9o do Rodo\u201d. Segundo informa\u00e7\u00f5es, ele integraria a maior mil\u00edcia do Rio de Janeiro, comandada por Wellington da Silva Braga, o Ecko, e teria participado do assassinato do colega Heeren.<\/p>\n<p><strong>Assassinato em servi\u00e7o<\/strong><\/p>\n<p>Ronaldo Heeren foi morto na Favela do Rola, em Santa Cruz. Ele e o agente Pl\u00ednio Ricciard estavam em um carro descaracterizado da PF quando criminosos armados desceram de um outro ve\u00edculo e atiraram.<\/p>\n<p>Ronaldo foi atingido e morreu no local. O outro agente conseguiu fugir e se esconder numa casa na favela. Ele relatou que, assim que chegou na comunidade, a Mitsubishi L200, viatura descaracterizada e n\u00e3o blindada da PF, foi interceptada por um Toyota Corolla prata.<\/p>\n<p>Do carro desceram quatro homens armados. Os agentes atiraram e os bandidos revidaram. Ricciard conseguiu saltar da Mitsubishi, pulou alguns muros e se escondeu em uma casa, que estava vazia.<\/p>\n<p>A Fenapef exige uma investiga\u00e7\u00e3o rigorosa dos fatos e uma resposta \u00e0 altura, com pris\u00e3o e condena\u00e7\u00e3o dos envolvidos.<\/p>\n<p>Em 2016, um outro crime semelhante mobilizou a corpora\u00e7\u00e3o. O policial Wilson Teixeira Queiroz Netto foi baleado no t\u00f3rax ao tentar defender uma pessoa durante um assalto. Dois dos criminosos envolvidos foram mortos em outro confronto com a PF. O terceiro envolvido foi preso, lembra a Fenapef.<\/p>\n","protected":false},"excerpt":{"rendered":"<p>Mais dois milicianos foram detidos hoje pela PF. O assassinato foi no dia 13. Um j\u00e1 havia sido localizado no s\u00e1bado. Fenapef agradece o empenho dos colegas e da PRF e exige investiga\u00e7\u00e3o rigorosa dos fatos Dois milicianos suspeitos da morte do agente federal Ronaldo Heeren foram presos na manh\u00e3 desta quinta-feira (20). Eles s\u00e3o conhecidos como Di Vaca e [&hellip;]<\/p>\n","protected":false},"author":27,"featured_media":0,"comment_status":"open","ping_status":"closed","sticky":false,"template":"","format":"standard","meta":{"footnotes":""},"categories":[2719],"tags":[2819,7038,59,107,722,1746,319,110,17109,841,17110],"class_list":["post-15501","post","type-post","status-publish","format-standard","hentry","category-servidor","tag-agente","tag-envolvidos","tag-federais","tag-fenapef","tag-investigacao","tag-morte","tag-pf","tag-policiais","tag-prendem","tag-prf","tag-ronaldo-heeren"],"_links":{"self":[{"href":"https:\/\/blogs.correiobraziliense.com.br\/servidor\/wp-json\/wp\/v2\/posts\/15501","targetHints":{"allow":["GET"]}}],"collection":[{"href":"https:\/\/blogs.correiobraziliense.com.br\/servidor\/wp-json\/wp\/v2\/posts"}],"about":[{"href":"https:\/\/blogs.correiobraziliense.com.br\/servidor\/wp-json\/wp\/v2\/types\/post"}],"author":[{"embeddable":true,"href":"https:\/\/blogs.correiobraziliense.com.br\/servidor\/wp-json\/wp\/v2\/users\/27"}],"replies":[{"embeddable":true,"href":"https:\/\/blogs.correiobraziliense.com.br\/servidor\/wp-json\/wp\/v2\/comments?post=15501"}],"version-history":[{"count":3,"href":"https:\/\/blogs.correiobraziliense.com.br\/servidor\/wp-json\/wp\/v2\/posts\/15501\/revisions"}],"predecessor-version":[{"id":15504,"href":"https:\/\/blogs.correiobraziliense.com.br\/servidor\/wp-json\/wp\/v2\/posts\/15501\/revisions\/15504"}],"wp:attachment":[{"href":"https:\/\/blogs.correiobraziliense.com.br\/servidor\/wp-json\/wp\/v2\/media?parent=15501"}],"wp:term":[{"taxonomy":"category","embeddable":true,"href":"https:\/\/blogs.correiobraziliense.com.br\/servidor\/wp-json\/wp\/v2\/categories?post=15501"},{"taxonomy":"post_tag","embeddable":true,"href":"https:\/\/blogs.correiobraziliense.com.br\/servidor\/wp-json\/wp\/v2\/tags?post=15501"}],"curies":[{"name":"wp","href":"https:\/\/api.w.org\/{rel}","templated":true}]}}