{"id":15482,"date":"2020-02-20T13:10:26","date_gmt":"2020-02-20T16:10:26","guid":{"rendered":"https:\/\/blogs.correiobraziliense.com.br\/servidor\/?p=15482"},"modified":"2020-02-20T13:10:26","modified_gmt":"2020-02-20T16:10:26","slug":"petroleiros-caminham-na-direcao-da-suspensao-temporaria-da-greve-nacional","status":"publish","type":"post","link":"https:\/\/blogs.correiobraziliense.com.br\/servidor\/petroleiros-caminham-na-direcao-da-suspensao-temporaria-da-greve-nacional\/","title":{"rendered":"Petroleiros caminham na dire\u00e7\u00e3o da suspens\u00e3o tempor\u00e1ria da greve nacional"},"content":{"rendered":"<p><em>A assembleia dos sindicatos associados \u00e0 Federa\u00e7\u00e3o \u00danica dos Petroleiros ainda est\u00e1 em andamento, mas com indica\u00e7\u00e3o de mudan\u00e7as de rumos<\/em><\/p>\n<p>De acordo com Ronei Barbosa, presidente do Sindicatos dos Petroleiros do Paran\u00e1 e Santa Catarina, a suspens\u00e3o tempor\u00e1ria se deve \u00e0 proposta feita pelo Tribunal Superior do Trabalho (TST) e do Minist\u00e9rio P\u00fablico, para &#8220;destravar as negocia\u00e7\u00f5es&#8221;. &#8220;Apostamos na negocia\u00e7\u00e3o. Achamos que a Petrobras ser\u00e1 convencida de que deve cumprir os termos do acordo coletivo&#8221;, afirmou<\/p>\n<p>Por meio de publica\u00e7\u00e3o pelo Twitter, o secret\u00e1rio-geral da For\u00e7a Sindical, Jo\u00e3o Carlos Gon\u00e7alves, o Juruna, comemora a iniciativa: &#8220;Os sindicatos de petroleiros tiveram o bom senso e sensibilidade social ao decidirem suspens\u00e3o tempor\u00e1ria da greve, ap\u00f3s abertura de di\u00e1logo com TST visando acordo. Neste momento no Brasil de tanto confronto, \u00e9 um exemplo positivo de di\u00e1logo e modera\u00e7\u00e3o. #PetroleirosPeloBrasil&#8221;, diz ele.<\/p>\n","protected":false},"excerpt":{"rendered":"<p>A assembleia dos sindicatos associados \u00e0 Federa\u00e7\u00e3o \u00danica dos Petroleiros ainda est\u00e1 em andamento, mas com indica\u00e7\u00e3o de mudan\u00e7as de rumos De acordo com Ronei Barbosa, presidente do Sindicatos dos Petroleiros do Paran\u00e1 e Santa Catarina, a suspens\u00e3o tempor\u00e1ria se deve \u00e0 proposta feita pelo Tribunal Superior do Trabalho (TST) e do Minist\u00e9rio P\u00fablico, para &#8220;destravar as negocia\u00e7\u00f5es&#8221;. &#8220;Apostamos na [&hellip;]<\/p>\n","protected":false},"author":27,"featured_media":0,"comment_status":"open","ping_status":"closed","sticky":false,"template":"","format":"standard","meta":{"footnotes":""},"categories":[2719],"tags":[1133,1000,17096,15,70,6244,595,2423,173],"class_list":["post-15482","post","type-post","status-publish","format-standard","hentry","category-servidor","tag-dialogo","tag-fup","tag-fup-sindicatos","tag-greve","tag-nacional","tag-petroleiros","tag-rumos","tag-suspensao","tag-temporaria"],"_links":{"self":[{"href":"https:\/\/blogs.correiobraziliense.com.br\/servidor\/wp-json\/wp\/v2\/posts\/15482","targetHints":{"allow":["GET"]}}],"collection":[{"href":"https:\/\/blogs.correiobraziliense.com.br\/servidor\/wp-json\/wp\/v2\/posts"}],"about":[{"href":"https:\/\/blogs.correiobraziliense.com.br\/servidor\/wp-json\/wp\/v2\/types\/post"}],"author":[{"embeddable":true,"href":"https:\/\/blogs.correiobraziliense.com.br\/servidor\/wp-json\/wp\/v2\/users\/27"}],"replies":[{"embeddable":true,"href":"https:\/\/blogs.correiobraziliense.com.br\/servidor\/wp-json\/wp\/v2\/comments?post=15482"}],"version-history":[{"count":1,"href":"https:\/\/blogs.correiobraziliense.com.br\/servidor\/wp-json\/wp\/v2\/posts\/15482\/revisions"}],"predecessor-version":[{"id":15483,"href":"https:\/\/blogs.correiobraziliense.com.br\/servidor\/wp-json\/wp\/v2\/posts\/15482\/revisions\/15483"}],"wp:attachment":[{"href":"https:\/\/blogs.correiobraziliense.com.br\/servidor\/wp-json\/wp\/v2\/media?parent=15482"}],"wp:term":[{"taxonomy":"category","embeddable":true,"href":"https:\/\/blogs.correiobraziliense.com.br\/servidor\/wp-json\/wp\/v2\/categories?post=15482"},{"taxonomy":"post_tag","embeddable":true,"href":"https:\/\/blogs.correiobraziliense.com.br\/servidor\/wp-json\/wp\/v2\/tags?post=15482"}],"curies":[{"name":"wp","href":"https:\/\/api.w.org\/{rel}","templated":true}]}}