{"id":15475,"date":"2020-02-20T12:04:07","date_gmt":"2020-02-20T15:04:07","guid":{"rendered":"https:\/\/blogs.correiobraziliense.com.br\/servidor\/?p=15475"},"modified":"2020-02-20T12:04:07","modified_gmt":"2020-02-20T15:04:07","slug":"associacao-dos-auditores-protocola-representacao-na-pgr-contra-declaracoes-de-guedes","status":"publish","type":"post","link":"https:\/\/blogs.correiobraziliense.com.br\/servidor\/associacao-dos-auditores-protocola-representacao-na-pgr-contra-declaracoes-de-guedes\/","title":{"rendered":"Associa\u00e7\u00e3o dos auditores protocola representa\u00e7\u00e3o na PGR contra declara\u00e7\u00f5es de Guedes"},"content":{"rendered":"<p><em>A Uni\u00e3o dos Auditores do Tribunal de Contas da Uni\u00e3o (Auditar) protocolou, nesta quarta-feira (19), na Procuradoria Geral da Rep\u00fablica (PGR), not\u00edcia crime contra recentes declara\u00e7\u00f5es do ministro da Economia, Paulo Guedes. A a\u00e7\u00e3o foi motivada pelo pronunciamento em que o ministro comparou servidores p\u00fablicos a parasitas, em defesa da aprova\u00e7\u00e3o da reforma administrativa<\/em><\/p>\n<p>De acordo com o presidente da Auditar, Wederson Moreira, a declara\u00e7\u00e3o do ministro da Economia, al\u00e9m de desrespeitar milh\u00f5es de servidores, ainda instiga o \u00f3dio e o preconceito contra aqueles que fazem a m\u00e1quina p\u00fablica funcionar.<\/p>\n<p>\u201cSabemos que por tr\u00e1s dessas declara\u00e7\u00f5es h\u00e1 uma estrat\u00e9gia do governo para aprovar a famigerada reforma administrativa, que, camuflada de uma poss\u00edvel economia aos cofres p\u00fablicos, esconde a precariza\u00e7\u00e3o dos servi\u00e7os prestados \u00e0 sociedade. N\u00e3o podemos aceitar isso\u201d, declarou Moreira.<\/p>\n<p>Na representa\u00e7\u00e3o protocolada na PGR, a Auditar ainda salienta que as declara\u00e7\u00f5es de Guedes refletem diretamente nas vidas profissionais de todos os servidores p\u00fablicos e faz com que milh\u00f5es de cidad\u00e3os fiquem mais desacreditados com os servi\u00e7os do Estado.<\/p>\n<p>\u201cO noticiado de forma injustificada e arbitr\u00e1ria ofendeu a integridade, honra e imagem dos servidores diante do pa\u00eds inteiro, ao afirmar que servidores p\u00fablicos s\u00e3o como parasitas para o Estado, olvidando-se que os mesmos s\u00e3o os maiores respons\u00e1veis pela execu\u00e7\u00e3o da miss\u00e3o p\u00fablica nacional, independente do Governo e\/ou do Partido que temporariamente exerce o poder\u201d, declarou a institui\u00e7\u00e3o na representa\u00e7\u00e3o.<\/p>\n<p>O documento tamb\u00e9m pede para que sejam enviados os autos a ju\u00edzo com propositura de a\u00e7\u00e3o penal.<\/p>\n","protected":false},"excerpt":{"rendered":"<p>A Uni\u00e3o dos Auditores do Tribunal de Contas da Uni\u00e3o (Auditar) protocolou, nesta quarta-feira (19), na Procuradoria Geral da Rep\u00fablica (PGR), not\u00edcia crime contra recentes declara\u00e7\u00f5es do ministro da Economia, Paulo Guedes. A a\u00e7\u00e3o foi motivada pelo pronunciamento em que o ministro comparou servidores p\u00fablicos a parasitas, em defesa da aprova\u00e7\u00e3o da reforma administrativa De acordo com o presidente da [&hellip;]<\/p>\n","protected":false},"author":27,"featured_media":0,"comment_status":"open","ping_status":"closed","sticky":false,"template":"","format":"standard","meta":{"footnotes":""},"categories":[2719],"tags":[2950,2682,2645,3416,1218,88,56,2134,17089,4228,16960,548,2961,3974,15938,58,635],"class_list":["post-15475","post","type-post","status-publish","format-standard","hentry","category-servidor","tag-auditar","tag-autidores","tag-cofres","tag-crime","tag-declaracoes","tag-economia","tag-estado","tag-estrategia","tag-guedes","tag-odio","tag-parasitas","tag-pgr","tag-precarizacao","tag-preconceito","tag-reforma-administrativa","tag-servidores","tag-tcu"],"_links":{"self":[{"href":"https:\/\/blogs.correiobraziliense.com.br\/servidor\/wp-json\/wp\/v2\/posts\/15475","targetHints":{"allow":["GET"]}}],"collection":[{"href":"https:\/\/blogs.correiobraziliense.com.br\/servidor\/wp-json\/wp\/v2\/posts"}],"about":[{"href":"https:\/\/blogs.correiobraziliense.com.br\/servidor\/wp-json\/wp\/v2\/types\/post"}],"author":[{"embeddable":true,"href":"https:\/\/blogs.correiobraziliense.com.br\/servidor\/wp-json\/wp\/v2\/users\/27"}],"replies":[{"embeddable":true,"href":"https:\/\/blogs.correiobraziliense.com.br\/servidor\/wp-json\/wp\/v2\/comments?post=15475"}],"version-history":[{"count":1,"href":"https:\/\/blogs.correiobraziliense.com.br\/servidor\/wp-json\/wp\/v2\/posts\/15475\/revisions"}],"predecessor-version":[{"id":15476,"href":"https:\/\/blogs.correiobraziliense.com.br\/servidor\/wp-json\/wp\/v2\/posts\/15475\/revisions\/15476"}],"wp:attachment":[{"href":"https:\/\/blogs.correiobraziliense.com.br\/servidor\/wp-json\/wp\/v2\/media?parent=15475"}],"wp:term":[{"taxonomy":"category","embeddable":true,"href":"https:\/\/blogs.correiobraziliense.com.br\/servidor\/wp-json\/wp\/v2\/categories?post=15475"},{"taxonomy":"post_tag","embeddable":true,"href":"https:\/\/blogs.correiobraziliense.com.br\/servidor\/wp-json\/wp\/v2\/tags?post=15475"}],"curies":[{"name":"wp","href":"https:\/\/api.w.org\/{rel}","templated":true}]}}