{"id":15473,"date":"2020-02-20T11:50:50","date_gmt":"2020-02-20T14:50:50","guid":{"rendered":"https:\/\/blogs.correiobraziliense.com.br\/servidor\/?p=15473"},"modified":"2020-02-20T11:50:50","modified_gmt":"2020-02-20T14:50:50","slug":"centrus-lanca-novo-plano-para-familia-de-servidores-ativos-e-aposentados-do-bc","status":"publish","type":"post","link":"https:\/\/blogs.correiobraziliense.com.br\/servidor\/centrus-lanca-novo-plano-para-familia-de-servidores-ativos-e-aposentados-do-bc\/","title":{"rendered":"Centrus lan\u00e7a novo plano para fam\u00edlia de servidores ativos e aposentados do BC"},"content":{"rendered":"<p><em>A Funda\u00e7\u00e3o Banco Central de Previd\u00eancia Privada (Centrus) informa que prepara as \u00faltimas provid\u00eancias para um novo plano, a ser lan\u00e7ado no segundo trimestre de 2020. O CentrusPrev+ permitir\u00e1 estender a cobertura previdenci\u00e1ria da Funda\u00e7\u00e3o aos familiares dos servidores ativos, aposentados e pensionistas do Banco Central. A funda\u00e7\u00e3o administra cerca de R$ 7 bilh\u00f5es de patrim\u00f4nio, com sucessivos super\u00e1vits<br \/>\n<\/em><\/p>\n<p>O CentrusPrev+ foi aprovado pela Superintend\u00eancia Nacional de Previd\u00eancia Complementar (Previc), no in\u00edcio do ano, tendo como instituidores as associa\u00e7\u00f5es de aposentados do Banco Central e a pr\u00f3pria Centrus, com a cobertura previdenci\u00e1ria \u00e0s fam\u00edlias dos aposentados e pensionistas que participem das associa\u00e7\u00f5es de aposentados do BC, e tamb\u00e9m dos atuais participantes e assistidos dos planos administrados pela Funda\u00e7\u00e3o.<\/p>\n<p>O diretor-presidente da Centrus, Altamir Lopes, destacou a import\u00e2ncia da aprova\u00e7\u00e3o da do CentrusPrev+ para os servidores do BC e para a Funda\u00e7\u00e3o. \u201cEntendemos como fundamental estender aos familiares da comunidade Banco Central a possibilidade de formar poupan\u00e7a de longo prazo com a solidez e a credibilidade que a Centrus alcan\u00e7ou no segmento de previd\u00eancia ao longo de 40 anos. Essa a\u00e7\u00e3o, tamb\u00e9m, contribui para a perenidade da Funda\u00e7\u00e3o. \u201d<\/p>\n<p><strong>Participa\u00e7\u00e3o<\/strong><\/p>\n<p>Para assegurar a participa\u00e7\u00e3o do familiar no plano, \u00e9 preciso que o titular tenha v\u00ednculo com a Centrus ou com uma das associa\u00e7\u00f5es de aposentados, de acordo com as regras vigentes. Os participantes e assistidos dos planos administrados pela Centrus poder\u00e3o inscrever c\u00f4njuge, companheiro (a) e dependentes econ\u00f4micos. J\u00e1 os servidores inativos da autarquia poder\u00e3o se filiar a uma das associa\u00e7\u00f5es de aposentados e fazer a ades\u00e3o de seus familiares.<\/p>\n<p>&#8220;Al\u00e9m de oferecer condi\u00e7\u00f5es comuns a outros planos de benef\u00edcios, de que s\u00e3o exemplos a cobertura de riscos, nos casos de invalidez e morte, a portabilidade de recursos de PGBL e a dedu\u00e7\u00e3o das contribui\u00e7\u00f5es da base de c\u00e1lculo do Imposto de Renda, at\u00e9 o limite de 12% dos rendimentos tribut\u00e1veis, o CentrusPrev+ oferece outras vantagens, pr\u00f3prias dos planos institu\u00eddos, tais como a faculdade de o participante definir o valor, a periodicidade de suas contribui\u00e7\u00f5es e a data da aposentadoria. Al\u00e9m do mais, a taxa de administra\u00e7\u00e3o \u00e9 mais competitiva que as cobradas pela previd\u00eancia aberta, j\u00e1 que a Centrus \u00e9 uma entidade sem fins lucrativos&#8221;, explica a entidade.<\/p>\n<p>A Centrus, segundo os administradores, \u00e9 uma das mais s\u00f3lidas institui\u00e7\u00f5es de previd\u00eancia complementar do pa\u00eds. Atualmente, administra cerca de R$ 7 bilh\u00f5es de patrim\u00f4nio, com sucessivos super\u00e1vits em seus planos de benef\u00edcio definido.<\/p>\n","protected":false},"excerpt":{"rendered":"<p>A Funda\u00e7\u00e3o Banco Central de Previd\u00eancia Privada (Centrus) informa que prepara as \u00faltimas provid\u00eancias para um novo plano, a ser lan\u00e7ado no segundo trimestre de 2020. O CentrusPrev+ permitir\u00e1 estender a cobertura previdenci\u00e1ria da Funda\u00e7\u00e3o aos familiares dos servidores ativos, aposentados e pensionistas do Banco Central. A funda\u00e7\u00e3o administra cerca de R$ 7 bilh\u00f5es de patrim\u00f4nio, com sucessivos super\u00e1vits O [&hellip;]<\/p>\n","protected":false},"author":27,"featured_media":0,"comment_status":"open","ping_status":"closed","sticky":false,"template":"","format":"standard","meta":{"footnotes":""},"categories":[2719],"tags":[474,345,2405,3902,865,1236,1818,17087,17088,6807,2488,2319,1242,355,1669,8866,615,13553,2660,4978,132,751,2399,58,2979],"class_list":["post-15473","post","type-post","status-publish","format-standard","hentry","category-servidor","tag-adesao","tag-aposentados","tag-assistidos","tag-associacoes","tag-ativos","tag-banco-central","tag-bc","tag-centrus","tag-centrusprev","tag-cobertura","tag-contribuicoes","tag-dependentes","tag-familia","tag-imposto-de-renda","tag-participantes","tag-pgbl","tag-plano","tag-portabilidade","tag-poupanca","tag-previc","tag-previdenciaria","tag-regras","tag-riscos","tag-servidores","tag-titular"],"_links":{"self":[{"href":"https:\/\/blogs.correiobraziliense.com.br\/servidor\/wp-json\/wp\/v2\/posts\/15473","targetHints":{"allow":["GET"]}}],"collection":[{"href":"https:\/\/blogs.correiobraziliense.com.br\/servidor\/wp-json\/wp\/v2\/posts"}],"about":[{"href":"https:\/\/blogs.correiobraziliense.com.br\/servidor\/wp-json\/wp\/v2\/types\/post"}],"author":[{"embeddable":true,"href":"https:\/\/blogs.correiobraziliense.com.br\/servidor\/wp-json\/wp\/v2\/users\/27"}],"replies":[{"embeddable":true,"href":"https:\/\/blogs.correiobraziliense.com.br\/servidor\/wp-json\/wp\/v2\/comments?post=15473"}],"version-history":[{"count":1,"href":"https:\/\/blogs.correiobraziliense.com.br\/servidor\/wp-json\/wp\/v2\/posts\/15473\/revisions"}],"predecessor-version":[{"id":15474,"href":"https:\/\/blogs.correiobraziliense.com.br\/servidor\/wp-json\/wp\/v2\/posts\/15473\/revisions\/15474"}],"wp:attachment":[{"href":"https:\/\/blogs.correiobraziliense.com.br\/servidor\/wp-json\/wp\/v2\/media?parent=15473"}],"wp:term":[{"taxonomy":"category","embeddable":true,"href":"https:\/\/blogs.correiobraziliense.com.br\/servidor\/wp-json\/wp\/v2\/categories?post=15473"},{"taxonomy":"post_tag","embeddable":true,"href":"https:\/\/blogs.correiobraziliense.com.br\/servidor\/wp-json\/wp\/v2\/tags?post=15473"}],"curies":[{"name":"wp","href":"https:\/\/api.w.org\/{rel}","templated":true}]}}