{"id":15468,"date":"2020-02-19T11:38:20","date_gmt":"2020-02-19T14:38:20","guid":{"rendered":"https:\/\/blogs.correiobraziliense.com.br\/servidor\/?p=15468"},"modified":"2020-02-19T11:38:20","modified_gmt":"2020-02-19T14:38:20","slug":"cnasi-nota-de-repudio-e-atos-contra-assedio-moral-no-incra","status":"publish","type":"post","link":"https:\/\/blogs.correiobraziliense.com.br\/servidor\/cnasi-nota-de-repudio-e-atos-contra-assedio-moral-no-incra\/","title":{"rendered":"Cnasi &#8211; Nota de rep\u00fadio e atos contra ass\u00e9dio moral no Incra"},"content":{"rendered":"<p><em>A Confedera\u00e7\u00e3o Nacional das Associa\u00e7\u00f5es dos Servidores do Incra (Cnasi) informa que o\u00a0ass\u00e9dio contra a servidora do Incra no Sul do Par\u00e1, Ivone Rigo, levou\u00a0 entidades representativas de trabalhadores a emitir nota de rep\u00fadio e convocar os trabalhadores para se mobilizarem, em 16 de mar\u00e7o, contra as agress\u00f5es dos gestores. &#8220;O\u00a0ato \u00e9 tamb\u00e9m uma prepara\u00e7\u00e3o para a paralisa\u00e7\u00e3o geral contra os ataques e a retirada de direitos, marcada para dia 18 de mar\u00e7o de 2020&#8221;, explica<\/em><\/p>\n<p>De acordo com a nota de rep\u00fadio do Sindicato dos Trabalhadores no Servi\u00e7o P\u00fablico Federal no Estado do Par\u00e1 (Sintsep-PA), Associa\u00e7\u00e3o dos Servidores do Incra no Par\u00e1 (Assincra-PA) e Associa\u00e7\u00e3o Nacional dos Servidores P\u00fablicos Federais Agr\u00e1rios (Cnasi-AN) os profissionais do Instituto e as entidades associadas regionais far\u00e3o &#8220;um dia de mobiliza\u00e7\u00e3o contra o ass\u00e9dio moral e institucional no servi\u00e7o p\u00fablico &#8211; com paralisa\u00e7\u00f5es, atos, assembleias, rodas de conversa, dentre outras atividades. Este ato deve ser uma prepara\u00e7\u00e3o para a paralisa\u00e7\u00e3o geral dos trabalhadores contra os ataques e retirada de direitos, marcada para dia 18 de mar\u00e7o de 2020&#8221;.<\/p>\n<p>De acordo com as diretorias das entidades, a nota de rep\u00fadio e a convoca\u00e7\u00e3o dos atos s\u00e3o uma resposta &#8220;\u00e0 dupla agress\u00e3o sofrida pela servidora, uma execra\u00e7\u00e3o, durante audi\u00eancia p\u00fablica &#8211; no dia 10 de fevereiro de 2020, na C\u00e2mara Municipal de Marab\u00e1 (PA) -, e protagonizada pelo secret\u00e1rio Especial de Assuntos Fundi\u00e1rios, Luiz Ant\u00f4nio Nabhan Garcia. O &#8220;vice-ministro&#8221; ficou visivelmente irritado no evento pelo fato de a ge\u00f3grafa Ivone Rigo ter feito questionamentos e cobran\u00e7as sobre melhoria das condi\u00e7\u00f5es de trabalho na autarquia&#8221;.<\/p>\n<p>&#8220;A irrita\u00e7\u00e3o levou Nabhan a determinar abertura de investiga\u00e7\u00e3o da conduta da servidora \u2013 o que foi prontamente atendido pelo superintendente substituto do Incra no Sul do Par\u00e1, Jo\u00e3o Itaguary Milhomem Costa. Este, ainda emitiu nota justificando o ato.\u00a0O caso de ass\u00e9dio ganhou destaque nacional entre os servidores, pois houve indigna\u00e7\u00e3o imediata \u00e0 agress\u00e3o. A imprensa paraense at\u00e9 noticiou a audi\u00eancia e a investiga\u00e7\u00e3o pela comiss\u00e3o de \u00e9tica do Incra&#8221;, assinala a Cnasi.<\/p>\n<p>Na nota de rep\u00fadio, as entidades explicam que a escalada de &#8220;casos de ass\u00e9dio no Incra por todo o Brasil, nos\u00a0\u00faltimos meses, vem tornando as atividades no \u00f3rg\u00e3o muito mais penosas, estafantes e doentias &#8211;\u00a0piorando enormemente as j\u00e1 p\u00e9ssimas condi\u00e7\u00f5es de trabalho&#8221;. &#8220;Gest\u00f5es desqualificadas, falta de\u00a0or\u00e7amento e precariedade da estrutura f\u00edsica e material para que os profissionais possam exercer\u00a0seu papel de agente p\u00fablico, na execu\u00e7\u00e3o das pol\u00edticas p\u00fablicas de responsabilidade da autarquia,\u00a0s\u00e3o a realidade com as quais os trabalhadores do Incra se deparam dia ap\u00f3s dia&#8221;.<\/p>\n<p>A nota diz, ainda, que o ass\u00e9dio \u00e9 tamb\u00e9m coletivo e institucional. &#8220;Nos \u00faltimos meses os gestores do Incra t\u00eam\u00a0negado a cess\u00e3o de espa\u00e7os no \u00f3rg\u00e3o para que as entidades representativas possam realizar\u00a0atividades importantes para a categoria &#8211; a exemplo de assembleias, reuni\u00f5es, debates, palestras,\u00a0comemora\u00e7\u00f5es, etc&#8221;, reafirma.<\/p>\n<p>Veja a <a href=\"\/Users\/10915\/Downloads\/NOTA%20DE%20REP%C3%9ADIO%20AO%20ASS%C3%89DIO%20SOFRIDO%20PELA%20SERVIDORA%20DO%20INCRA%20NO%20PAR%C3%81%20IVONE%20RIGO.pdf\">nota de rep\u00fadio<\/a>.<\/p>\n","protected":false},"excerpt":{"rendered":"<p>A Confedera\u00e7\u00e3o Nacional das Associa\u00e7\u00f5es dos Servidores do Incra (Cnasi) informa que o\u00a0ass\u00e9dio contra a servidora do Incra no Sul do Par\u00e1, Ivone Rigo, levou\u00a0 entidades representativas de trabalhadores a emitir nota de rep\u00fadio e convocar os trabalhadores para se mobilizarem, em 16 de mar\u00e7o, contra as agress\u00f5es dos gestores. &#8220;O\u00a0ato \u00e9 tamb\u00e9m uma prepara\u00e7\u00e3o para a paralisa\u00e7\u00e3o geral contra [&hellip;]<\/p>\n","protected":false},"author":27,"featured_media":0,"comment_status":"open","ping_status":"closed","sticky":false,"template":"","format":"standard","meta":{"footnotes":""},"categories":[2719],"tags":[6305,915,2866,463,651,1220,5662,2868,16125,619,17084,4384,2863,722,506,1217,575,58,19],"class_list":["post-15468","post","type-post","status-publish","format-standard","hentry","category-servidor","tag-agressoes","tag-assedio-moral","tag-ataques","tag-atividades","tag-atos","tag-audiencia-publica","tag-autarquia","tag-cnasi","tag-cobrancas","tag-direitos","tag-geografa","tag-gestores","tag-incra","tag-investigacao","tag-paralisacao","tag-repudio","tag-servico-publico","tag-servidores","tag-trabalhadores"],"_links":{"self":[{"href":"https:\/\/blogs.correiobraziliense.com.br\/servidor\/wp-json\/wp\/v2\/posts\/15468","targetHints":{"allow":["GET"]}}],"collection":[{"href":"https:\/\/blogs.correiobraziliense.com.br\/servidor\/wp-json\/wp\/v2\/posts"}],"about":[{"href":"https:\/\/blogs.correiobraziliense.com.br\/servidor\/wp-json\/wp\/v2\/types\/post"}],"author":[{"embeddable":true,"href":"https:\/\/blogs.correiobraziliense.com.br\/servidor\/wp-json\/wp\/v2\/users\/27"}],"replies":[{"embeddable":true,"href":"https:\/\/blogs.correiobraziliense.com.br\/servidor\/wp-json\/wp\/v2\/comments?post=15468"}],"version-history":[{"count":1,"href":"https:\/\/blogs.correiobraziliense.com.br\/servidor\/wp-json\/wp\/v2\/posts\/15468\/revisions"}],"predecessor-version":[{"id":15469,"href":"https:\/\/blogs.correiobraziliense.com.br\/servidor\/wp-json\/wp\/v2\/posts\/15468\/revisions\/15469"}],"wp:attachment":[{"href":"https:\/\/blogs.correiobraziliense.com.br\/servidor\/wp-json\/wp\/v2\/media?parent=15468"}],"wp:term":[{"taxonomy":"category","embeddable":true,"href":"https:\/\/blogs.correiobraziliense.com.br\/servidor\/wp-json\/wp\/v2\/categories?post=15468"},{"taxonomy":"post_tag","embeddable":true,"href":"https:\/\/blogs.correiobraziliense.com.br\/servidor\/wp-json\/wp\/v2\/tags?post=15468"}],"curies":[{"name":"wp","href":"https:\/\/api.w.org\/{rel}","templated":true}]}}