{"id":15464,"date":"2020-02-18T19:22:52","date_gmt":"2020-02-18T22:22:52","guid":{"rendered":"https:\/\/blogs.correiobraziliense.com.br\/servidor\/?p=15464"},"modified":"2020-02-18T19:22:52","modified_gmt":"2020-02-18T22:22:52","slug":"mec-ebserh-deve-divulgar-resultado-preliminar-de-concurso-nacional-em-28-de-fevereiro","status":"publish","type":"post","link":"https:\/\/blogs.correiobraziliense.com.br\/servidor\/mec-ebserh-deve-divulgar-resultado-preliminar-de-concurso-nacional-em-28-de-fevereiro\/","title":{"rendered":"MEC &#8211; Ebserh deve divulgar resultado preliminar de concurso nacional em 28 de fevereiro"},"content":{"rendered":"<p><em>A Rede Ebserh, vinculada ao Minist\u00e9rio da Educa\u00e7\u00e3o (MEC), divulgou as datas previstas para divulga\u00e7\u00e3o de resultados preliminares e gabaritos de dois concursos. Para o certame nacional, o dia \u00e9 28 de fevereiro; para o do Hospital de Cl\u00ednicas da Universidade Federal de Uberl\u00e2ndia, 5 de mar\u00e7o<\/em><\/p>\n<p>Os candidatos devem ficar atentos aos sites das institui\u00e7\u00f5es respons\u00e1veis pela aplica\u00e7\u00e3o dos concursos. O nacional est\u00e1 sob a tutela do \u00a0<span id=\"OBJ_PREFIX_DWT131_com_zimbra_url\" class=\"Object\" role=\"link\"><span id=\"OBJ_PREFIX_DWT147_com_zimbra_url\" class=\"Object\" role=\"link\"><a href=\"https:\/\/www.ibfc.org.br\/concurso\/concurso_selecionado\/360\" target=\"_blank\" rel=\"nofollow noopener noreferrer\">Instituto Brasileiro de Forma\u00e7\u00e3o e Capacita\u00e7\u00e3o<\/a><\/span><\/span>), o da cidade mineira, da <span id=\"OBJ_PREFIX_DWT132_com_zimbra_url\" class=\"Object\" role=\"link\"><span id=\"OBJ_PREFIX_DWT148_com_zimbra_url\" class=\"Object-hover\" role=\"link\"><a href=\"https:\/\/www.vunesp.com.br\/\" target=\"_blank\" rel=\"nofollow noopener noreferrer\">Funda\u00e7\u00e3o Vunesp<\/a><\/span><\/span>. Os dados estar\u00e3o nessas p\u00e1ginas de internet.<\/p>\n<p>As provas objetivas do concurso nacional foram realizadas em 2 de fevereiro e registraram cerca de 250 mil candidatos presentes. O certame oferece 1.660 vagas, sendo 533 para m\u00e9dicos em 88 especialidades, 998 para a \u00e1rea assistencial em 53 especialidades e 129 para a \u00e1rea administrativa em 23 especialidades.<\/p>\n<p>Em Uberl\u00e2ndia, as provas objetivas foram no dia 9 de fevereiro. Aproximadamente 25 mil candidatos concorrem \u00e0s 804 vagas. Estas s\u00e3o distribu\u00eddas em 216 para m\u00e9dicos em 65 especialidades, 475 para a \u00e1rea assistencial em 33 especialidades e 113 para a administrativa em 17 especialidades.<\/p>\n<p><strong>Rede Ebserh<\/strong><\/p>\n<p>A Empresa Brasileira de Servi\u00e7os Hospitalares (Ebserh) foi criada em 2011. Atualmente, administra 40 hospitais universit\u00e1rios federais. Como hospitais vinculados a universidades federais, essas unidades t\u00eam caracter\u00edsticas espec\u00edficas: atendem pacientes do Sistema \u00danico de Sa\u00fade (SUS) e apoiam a forma\u00e7\u00e3o de profissionais de sa\u00fade e o desenvolvimento de pesquisas. Por conta disso, os hospitais universit\u00e1rios s\u00e3o campos de forma\u00e7\u00e3o de profissionais de sa\u00fade. Com isso, a Rede Ebserh atua de forma complementar ao SUS.<\/p>\n","protected":false},"excerpt":{"rendered":"<p>A Rede Ebserh, vinculada ao Minist\u00e9rio da Educa\u00e7\u00e3o (MEC), divulgou as datas previstas para divulga\u00e7\u00e3o de resultados preliminares e gabaritos de dois concursos. Para o certame nacional, o dia \u00e9 28 de fevereiro; para o do Hospital de Cl\u00ednicas da Universidade Federal de Uberl\u00e2ndia, 5 de mar\u00e7o Os candidatos devem ficar atentos aos sites das institui\u00e7\u00f5es respons\u00e1veis pela aplica\u00e7\u00e3o dos [&hellip;]<\/p>\n","protected":false},"author":27,"featured_media":0,"comment_status":"open","ping_status":"closed","sticky":false,"template":"","format":"standard","meta":{"footnotes":""},"categories":[2719],"tags":[1314,6018,178,6189,93,175,826,17083,16181,16702,2882,392,174,70,703],"class_list":["post-15464","post","type-post","status-publish","format-standard","hentry","category-servidor","tag-administrativa","tag-assistencial","tag-candidatos","tag-certame","tag-concurso","tag-ebserh","tag-especialidades","tag-fundacao-vunesp","tag-gabaritos","tag-ibfc","tag-internet","tag-mec","tag-medicos","tag-nacional","tag-vagas"],"_links":{"self":[{"href":"https:\/\/blogs.correiobraziliense.com.br\/servidor\/wp-json\/wp\/v2\/posts\/15464","targetHints":{"allow":["GET"]}}],"collection":[{"href":"https:\/\/blogs.correiobraziliense.com.br\/servidor\/wp-json\/wp\/v2\/posts"}],"about":[{"href":"https:\/\/blogs.correiobraziliense.com.br\/servidor\/wp-json\/wp\/v2\/types\/post"}],"author":[{"embeddable":true,"href":"https:\/\/blogs.correiobraziliense.com.br\/servidor\/wp-json\/wp\/v2\/users\/27"}],"replies":[{"embeddable":true,"href":"https:\/\/blogs.correiobraziliense.com.br\/servidor\/wp-json\/wp\/v2\/comments?post=15464"}],"version-history":[{"count":1,"href":"https:\/\/blogs.correiobraziliense.com.br\/servidor\/wp-json\/wp\/v2\/posts\/15464\/revisions"}],"predecessor-version":[{"id":15465,"href":"https:\/\/blogs.correiobraziliense.com.br\/servidor\/wp-json\/wp\/v2\/posts\/15464\/revisions\/15465"}],"wp:attachment":[{"href":"https:\/\/blogs.correiobraziliense.com.br\/servidor\/wp-json\/wp\/v2\/media?parent=15464"}],"wp:term":[{"taxonomy":"category","embeddable":true,"href":"https:\/\/blogs.correiobraziliense.com.br\/servidor\/wp-json\/wp\/v2\/categories?post=15464"},{"taxonomy":"post_tag","embeddable":true,"href":"https:\/\/blogs.correiobraziliense.com.br\/servidor\/wp-json\/wp\/v2\/tags?post=15464"}],"curies":[{"name":"wp","href":"https:\/\/api.w.org\/{rel}","templated":true}]}}