{"id":15457,"date":"2020-02-18T17:15:35","date_gmt":"2020-02-18T20:15:35","guid":{"rendered":"https:\/\/blogs.correiobraziliense.com.br\/servidor\/?p=15457"},"modified":"2020-02-18T17:16:01","modified_gmt":"2020-02-18T20:16:01","slug":"juizes-e-procuradores-querem-suspensao-da-aliquota-progressiva-previdenciaria","status":"publish","type":"post","link":"https:\/\/blogs.correiobraziliense.com.br\/servidor\/juizes-e-procuradores-querem-suspensao-da-aliquota-progressiva-previdenciaria\/","title":{"rendered":"Ju\u00edzes e procuradores querem suspens\u00e3o da al\u00edquota previdenci\u00e1ria progressiva"},"content":{"rendered":"<p><em>A cobran\u00e7a, de 14% a 22% nos subs\u00eddios, come\u00e7a em 1\u00ba de mar\u00e7o e \u00e9 considerada inconstitucional &#8220;por caracterizar confisco e afronta ao direito de propriedade&#8221;. Como resultado, ao todo, 46,5% dos subs\u00eddios de membros da magistratura e mo Minist\u00e9rio P\u00fablico ser\u00e3o consumidos por tributa\u00e7\u00f5es<\/em><\/p>\n<p>A Associa\u00e7\u00e3o Nacional dos Procuradores da Rep\u00fablica (ANPR) e v\u00e1rias outras que assinam a A\u00e7\u00e3o Direta de Inconstitucionalidade (ADI) n\u00ba 6.255 pediram a suspens\u00e3o da cobran\u00e7a de al\u00edquota previdenci\u00e1ria inclu\u00edda na Reforma da Previd\u00eancia. A solicita\u00e7\u00e3o de liminar na ADI 6.255, com anu\u00eancia do plen\u00e1rio do Supremo Tribunal Federal, foi feita ao relator da a\u00e7\u00e3o, ministro Luis Roberto Barroso, na segunda-feira (17). A cobran\u00e7a ter\u00e1 in\u00edcio em 1\u00ba de mar\u00e7o de 2020.<\/p>\n<p>A ADI 6.255 foi protocolada pela ANPR ao lado da Associa\u00e7\u00e3o Nacional dos Magistrados da Justi\u00e7a do Trabalho (Anamatra), Associa\u00e7\u00e3o Nacional dos Procuradores do Trabalho (ANPT), Associa\u00e7\u00e3o dos Magistrados Brasileiros (AMB) e Associa\u00e7\u00e3o Nacional dos Membros do Minist\u00e9rio P\u00fablico (Conamp), em novembro do ano passado. Diante da iminente entrada em vigor da al\u00edquota previdenci\u00e1ria, as associa\u00e7\u00f5es reiteraram o pedido para concess\u00e3o de liminar suspendendo a cobran\u00e7a, desta vez sob consentimento do plen\u00e1rio do STF.<\/p>\n<p>Para as entidades, a institui\u00e7\u00e3o da al\u00edquota progressiva \u00e9 inconstitucional por caracterizar confisco e afronta ao direito de propriedade. Nesse sentido, a contribui\u00e7\u00e3o, sem que ocorra efetiva retribui\u00e7\u00e3o, seria abusiva. O pedido de liminar protocolado nessa segunda-feira esclarece ainda que 46,5% de parcela expressiva dos subs\u00eddios dos membros da magistratura e do Minist\u00e9rio P\u00fablico ser\u00e3o consumidos por tributa\u00e7\u00f5es (podendo ser mais, se institu\u00eddas as contribui\u00e7\u00f5es extraordin\u00e1rias), dada a cobran\u00e7a simult\u00e2nea do Imposto de Renda.<\/p>\n","protected":false},"excerpt":{"rendered":"<p>A cobran\u00e7a, de 14% a 22% nos subs\u00eddios, come\u00e7a em 1\u00ba de mar\u00e7o e \u00e9 considerada inconstitucional &#8220;por caracterizar confisco e afronta ao direito de propriedade&#8221;. Como resultado, ao todo, 46,5% dos subs\u00eddios de membros da magistratura e mo Minist\u00e9rio P\u00fablico ser\u00e3o consumidos por tributa\u00e7\u00f5es A Associa\u00e7\u00e3o Nacional dos Procuradores da Rep\u00fablica (ANPR) e v\u00e1rias outras que assinam a A\u00e7\u00e3o [&hellip;]<\/p>\n","protected":false},"author":27,"featured_media":0,"comment_status":"open","ping_status":"closed","sticky":false,"template":"","format":"standard","meta":{"footnotes":""},"categories":[2719],"tags":[17079,4414,956,6293,291,344,617,621,2323,156,417,132,1235,1695,9727,34,2799,2769],"class_list":["post-15457","post","type-post","status-publish","format-standard","hentry","category-servidor","tag-adi-6-255","tag-aliquota","tag-cobranca","tag-confisco","tag-inconstitucional","tag-juizes","tag-liminar","tag-magistrados","tag-magistratura","tag-membros","tag-ministerio-publico","tag-previdenciaria","tag-procuradores","tag-propriedade","tag-reforma-da-previdencia","tag-stf","tag-subsidios","tag-tributacao"],"_links":{"self":[{"href":"https:\/\/blogs.correiobraziliense.com.br\/servidor\/wp-json\/wp\/v2\/posts\/15457","targetHints":{"allow":["GET"]}}],"collection":[{"href":"https:\/\/blogs.correiobraziliense.com.br\/servidor\/wp-json\/wp\/v2\/posts"}],"about":[{"href":"https:\/\/blogs.correiobraziliense.com.br\/servidor\/wp-json\/wp\/v2\/types\/post"}],"author":[{"embeddable":true,"href":"https:\/\/blogs.correiobraziliense.com.br\/servidor\/wp-json\/wp\/v2\/users\/27"}],"replies":[{"embeddable":true,"href":"https:\/\/blogs.correiobraziliense.com.br\/servidor\/wp-json\/wp\/v2\/comments?post=15457"}],"version-history":[{"count":2,"href":"https:\/\/blogs.correiobraziliense.com.br\/servidor\/wp-json\/wp\/v2\/posts\/15457\/revisions"}],"predecessor-version":[{"id":15459,"href":"https:\/\/blogs.correiobraziliense.com.br\/servidor\/wp-json\/wp\/v2\/posts\/15457\/revisions\/15459"}],"wp:attachment":[{"href":"https:\/\/blogs.correiobraziliense.com.br\/servidor\/wp-json\/wp\/v2\/media?parent=15457"}],"wp:term":[{"taxonomy":"category","embeddable":true,"href":"https:\/\/blogs.correiobraziliense.com.br\/servidor\/wp-json\/wp\/v2\/categories?post=15457"},{"taxonomy":"post_tag","embeddable":true,"href":"https:\/\/blogs.correiobraziliense.com.br\/servidor\/wp-json\/wp\/v2\/tags?post=15457"}],"curies":[{"name":"wp","href":"https:\/\/api.w.org\/{rel}","templated":true}]}}