{"id":15454,"date":"2020-02-18T15:12:44","date_gmt":"2020-02-18T18:12:44","guid":{"rendered":"https:\/\/blogs.correiobraziliense.com.br\/servidor\/?p=15454"},"modified":"2020-02-18T15:13:08","modified_gmt":"2020-02-18T18:13:08","slug":"tcu-deficiencias-na-execucao-de-politicas-publicas-aumentou-a-circulacao-de-drogas-no-pais","status":"publish","type":"post","link":"https:\/\/blogs.correiobraziliense.com.br\/servidor\/tcu-deficiencias-na-execucao-de-politicas-publicas-aumentou-a-circulacao-de-drogas-no-pais\/","title":{"rendered":"TCU &#8211; Defici\u00eancias na execu\u00e7\u00e3o de pol\u00edticas p\u00fablicas aumentou a circula\u00e7\u00e3o de drogas no pa\u00eds"},"content":{"rendered":"<p><em>O TCU afirma que os programas de pol\u00edticas de enfrentamento ao crack e outras drogas do governo federal apresentaram v\u00e1rios problemas de execu\u00e7\u00e3o entre 2010 e 2019. O tribunal determinou que, at\u00e9 1\u00ba de abril, a Secretaria Nacional de Pol\u00edticas sobre Drogas do Minist\u00e9rio da Justi\u00e7a e Seguran\u00e7a P\u00fablica apresente o Plano Nacional de Pol\u00edticas sobre Drogas<\/em><\/p>\n<p>Auditoria do Tribunal de Contas da Uni\u00e3o (TCU) aponta normas sobrepostas e conflitantes; v\u00e1rios \u00f3rg\u00e3os trabalhando sobre o mesmo tema e de maneira descoordenada; inexist\u00eancia de comit\u00eas de gest\u00e3o e de execu\u00e7\u00e3o; e defici\u00eancias no monitoramento dos resultados.<\/p>\n<p>Algumas a\u00e7\u00f5es planejadas n\u00e3o foram concretizadas, como a cria\u00e7\u00e3o do Centro Integrado de Combate ao Crime Organizado. Tamb\u00e9m n\u00e3o foram realizadas, com a frequ\u00eancia recomendada, as atividades conjuntas com pa\u00edses vizinho que visavam a erradica\u00e7\u00e3o de planta\u00e7\u00f5es de maconha no Paraguai e de destrui\u00e7\u00e3o de laborat\u00f3rios de coca\u00edna no Peru, o que acarretou o aumento da circula\u00e7\u00e3o de drogas no territ\u00f3rio brasileiro.<\/p>\n<p>O resultado da auditoria levou o TCU a determinar \u00e0 Secretaria Nacional de Pol\u00edticas sobre Drogas do Minist\u00e9rio da Justi\u00e7a e Seguran\u00e7a P\u00fablica a apresenta\u00e7\u00e3o, at\u00e9 1\u00ba de abril, do Plano Nacional de Pol\u00edticas sobre Drogas previsto no art. 5\u00ba do Decreto 9.926\/2019. O TCU tamb\u00e9m determinou aos demais \u00f3rg\u00e3os que atuam na \u00e1rea a institui\u00e7\u00e3o de processos de trabalho para fins de monitoramento e de avalia\u00e7\u00e3o da pol\u00edtica p\u00fablica sobre drogas.<\/p>\n<p>\u00d8 Processo: 009.180\/2012-5<\/p>\n<p>\u00d8 Ac\u00f3rd\u00e3o: 280\/2020<\/p>\n<p>\u00d8 Relator: ministro Aroldo Cedraz<\/p>\n","protected":false},"excerpt":{"rendered":"<p>O TCU afirma que os programas de pol\u00edticas de enfrentamento ao crack e outras drogas do governo federal apresentaram v\u00e1rios problemas de execu\u00e7\u00e3o entre 2010 e 2019. O tribunal determinou que, at\u00e9 1\u00ba de abril, a Secretaria Nacional de Pol\u00edticas sobre Drogas do Minist\u00e9rio da Justi\u00e7a e Seguran\u00e7a P\u00fablica apresente o Plano Nacional de Pol\u00edticas sobre Drogas Auditoria do Tribunal [&hellip;]<\/p>\n","protected":false},"author":27,"featured_media":0,"comment_status":"open","ping_status":"closed","sticky":false,"template":"","format":"standard","meta":{"footnotes":""},"categories":[2719],"tags":[3222,17075,3653,5414,1800,17077,198,17078,706,10851,1636,17076,635],"class_list":["post-15454","post","type-post","status-publish","format-standard","hentry","category-servidor","tag-auditoria","tag-crack","tag-deficiencias","tag-drogas","tag-enfrentamento","tag-ministerio-da-justica-e-seguranca-publica","tag-pais","tag-plano-nacional-de-politicas-sobre-drogas","tag-politicas","tag-politicas-publicas","tag-programas","tag-secretaria-de-politicas-sobre-drogas","tag-tcu"],"_links":{"self":[{"href":"https:\/\/blogs.correiobraziliense.com.br\/servidor\/wp-json\/wp\/v2\/posts\/15454","targetHints":{"allow":["GET"]}}],"collection":[{"href":"https:\/\/blogs.correiobraziliense.com.br\/servidor\/wp-json\/wp\/v2\/posts"}],"about":[{"href":"https:\/\/blogs.correiobraziliense.com.br\/servidor\/wp-json\/wp\/v2\/types\/post"}],"author":[{"embeddable":true,"href":"https:\/\/blogs.correiobraziliense.com.br\/servidor\/wp-json\/wp\/v2\/users\/27"}],"replies":[{"embeddable":true,"href":"https:\/\/blogs.correiobraziliense.com.br\/servidor\/wp-json\/wp\/v2\/comments?post=15454"}],"version-history":[{"count":2,"href":"https:\/\/blogs.correiobraziliense.com.br\/servidor\/wp-json\/wp\/v2\/posts\/15454\/revisions"}],"predecessor-version":[{"id":15456,"href":"https:\/\/blogs.correiobraziliense.com.br\/servidor\/wp-json\/wp\/v2\/posts\/15454\/revisions\/15456"}],"wp:attachment":[{"href":"https:\/\/blogs.correiobraziliense.com.br\/servidor\/wp-json\/wp\/v2\/media?parent=15454"}],"wp:term":[{"taxonomy":"category","embeddable":true,"href":"https:\/\/blogs.correiobraziliense.com.br\/servidor\/wp-json\/wp\/v2\/categories?post=15454"},{"taxonomy":"post_tag","embeddable":true,"href":"https:\/\/blogs.correiobraziliense.com.br\/servidor\/wp-json\/wp\/v2\/tags?post=15454"}],"curies":[{"name":"wp","href":"https:\/\/api.w.org\/{rel}","templated":true}]}}