{"id":15452,"date":"2020-02-18T13:50:27","date_gmt":"2020-02-18T16:50:27","guid":{"rendered":"https:\/\/blogs.correiobraziliense.com.br\/servidor\/?p=15452"},"modified":"2020-02-18T13:50:27","modified_gmt":"2020-02-18T16:50:27","slug":"forcas-de-seguranca-gabinete-integrado-se-reune-com-parlamentares-para-definir-pauta-legislativa-em-2020","status":"publish","type":"post","link":"https:\/\/blogs.correiobraziliense.com.br\/servidor\/forcas-de-seguranca-gabinete-integrado-se-reune-com-parlamentares-para-definir-pauta-legislativa-em-2020\/","title":{"rendered":"For\u00e7as de seguran\u00e7a &#8211; Gabinete Integrado se re\u00fane com parlamentares para definir pauta Legislativa em 2020"},"content":{"rendered":"<p><em>Representantes de entidades ligadas \u00e0 seguran\u00e7a p\u00fablica debateram nesta ter\u00e7a-feira (18) calend\u00e1rio de a\u00e7\u00f5es no Legislativo, com destaque para as emenda \u00e0 MP 918\/2020 apresentadas pela categoria, como a que\u00a0prop\u00f5e a unifica\u00e7\u00e3o dos cargos da Carreira Policial Federal (entrada \u00fanica) e as que alteram itens importantes como sobreaviso e hora noturna, licen\u00e7a sindical e anistia a policiais punidos por participa\u00e7\u00e3o em a\u00e7\u00f5es em defesa da categoria, distribui\u00e7\u00e3o proporcional dos cargos de chefia entre os cargos policiais e da carreira administrativa, entre outras<\/em><\/p>\n<p>O Gabinete Integrado se reuniu nesta ter\u00e7a-feira (18) com parlamentares que representam as for\u00e7as de seguran\u00e7a no Congresso Nacional, para tentar unificar as propostas das diversas categorias sobre o ciclo completo de investiga\u00e7\u00e3o e fortalecer o grupo para modificar, na Comiss\u00e3o Especial, o texto do governo. O encontro foi no Sindicato dos Policiais Federais do Distrito Federal (Sindipol\/DF), \u00e0s 10 horas.<\/p>\n<p>A Federa\u00e7\u00e3o Nacional dos Policiais Federais (Fenapef) quer apoio das outras categorias ligadas \u00e0 seguran\u00e7a p\u00fablica para as emendas \u00e0 Medida Provis\u00f3ria 918\/20 defendidas pela entidade. Em reuni\u00e3o do Gabinete de Seguran\u00e7a na semana passada, o diretor jur\u00eddico da Fenapef, Fl\u00e1vio Werneck, pediu aten\u00e7\u00e3o do grupo para emendas dos representantes no Congresso Nacional e que tratam de tema de interesse dos policiais federais.<\/p>\n<p>Entre as emendas, a que prop\u00f5e a unifica\u00e7\u00e3o dos cargos da Carreira Policial Federal (entrada \u00fanica) e as que alteram itens importantes como o sobreaviso e a hora noturna, a licen\u00e7a sindical e a anistia a policiais punidos por participa\u00e7\u00e3o em a\u00e7\u00f5es em defesa da categoria, a distribui\u00e7\u00e3o proporcional dos cargos de chefia entre os cargos policiais e da carreira administrativa, entre outras.<\/p>\n<p>A MP 918\/20 trata da cria\u00e7\u00e3o e transforma\u00e7\u00e3o de fun\u00e7\u00f5es de chefia no organograma funcional da Pol\u00edcia Federal. Ela j\u00e1 come\u00e7ou a tramitar no Congresso Nacional e o presidente da Comiss\u00e3o Especial que vai analisar a mat\u00e9ria ser\u00e1 o deputado Aluisio Mendes (PSC-MA). Trinta e seis emendas j\u00e1 foram apresentadas ao texto original.<\/p>\n<p>O Gabinete Integrado est\u00e1 trabalhando para que a MP contemple as necessidades de todas as categorias ligadas \u00e0 seguran\u00e7a p\u00fablica e vai negociar por meio da Frente Parlamentar do Ciclo Completo, lan\u00e7ada na \u00faltima quarta-feira (12).<\/p>\n<p><strong>Gabinete Integrado<\/strong><\/p>\n<p>O gabinete integrado se re\u00fane desde 2014 para debater o aprimoramento e a moderniza\u00e7\u00e3o da seguran\u00e7a p\u00fablica no Brasil. Integram o grupo a Fenapef, a Associa\u00e7\u00e3o Nacional dos Procuradores da Rep\u00fablica (ANPR), Associa\u00e7\u00e3o Nacional dos Membros do Minist\u00e9rio P\u00fablico (Conamp), a Federa\u00e7\u00e3o Nacional dos Policiais Rodovi\u00e1rios Federais (FenaPRF), o Conselho Nacional de Comandantes Gerais (CNCG), a Associa\u00e7\u00e3o Nacional de Pra\u00e7as (Anaspra), a Federa\u00e7\u00e3o Nacional de Entidades de Oficiais Militares Estaduais (Feneme), a Associa\u00e7\u00e3o Brasileira de Criminal\u00edstica (ABC), a Associa\u00e7\u00e3o Nacional dos Peritos Criminais Federais (APCF), o Conselho Nacional dos Corpos de Bombeiros Militares do Brasil (LigaBom), a Associa\u00e7\u00e3o dos Militares Estaduais do Brasil (AmeBrasil) e a Associa\u00e7\u00e3o do Minist\u00e9rio P\u00fablico do Distrito Federal e Territ\u00f3rios (AMPDFT).<\/p>\n","protected":false},"excerpt":{"rendered":"<p>Representantes de entidades ligadas \u00e0 seguran\u00e7a p\u00fablica debateram nesta ter\u00e7a-feira (18) calend\u00e1rio de a\u00e7\u00f5es no Legislativo, com destaque para as emenda \u00e0 MP 918\/2020 apresentadas pela categoria, como a que\u00a0prop\u00f5e a unifica\u00e7\u00e3o dos cargos da Carreira Policial Federal (entrada \u00fanica) e as que alteram itens importantes como sobreaviso e hora noturna, licen\u00e7a sindical e anistia a policiais punidos por participa\u00e7\u00e3o [&hellip;]<\/p>\n","protected":false},"author":27,"featured_media":0,"comment_status":"open","ping_status":"closed","sticky":false,"template":"","format":"standard","meta":{"footnotes":""},"categories":[2719],"tags":[16641,1314,4380,791,188,17072,379,3065,17071,16340,17073,10,17074,16660,268,17,13394,159],"class_list":["post-15452","post","type-post","status-publish","format-standard","hentry","category-servidor","tag-16641","tag-administrativa","tag-anistia","tag-cargos","tag-carreira","tag-carreira-policial-federal","tag-categoria","tag-chefia","tag-forcas-de-seguranca","tag-gabinete-integrado","tag-hora-noturna","tag-legislativo","tag-licenca-sindical","tag-mp-918-2020","tag-parlamentares","tag-pauta","tag-sobreaviso","tag-unificacao"],"_links":{"self":[{"href":"https:\/\/blogs.correiobraziliense.com.br\/servidor\/wp-json\/wp\/v2\/posts\/15452","targetHints":{"allow":["GET"]}}],"collection":[{"href":"https:\/\/blogs.correiobraziliense.com.br\/servidor\/wp-json\/wp\/v2\/posts"}],"about":[{"href":"https:\/\/blogs.correiobraziliense.com.br\/servidor\/wp-json\/wp\/v2\/types\/post"}],"author":[{"embeddable":true,"href":"https:\/\/blogs.correiobraziliense.com.br\/servidor\/wp-json\/wp\/v2\/users\/27"}],"replies":[{"embeddable":true,"href":"https:\/\/blogs.correiobraziliense.com.br\/servidor\/wp-json\/wp\/v2\/comments?post=15452"}],"version-history":[{"count":1,"href":"https:\/\/blogs.correiobraziliense.com.br\/servidor\/wp-json\/wp\/v2\/posts\/15452\/revisions"}],"predecessor-version":[{"id":15453,"href":"https:\/\/blogs.correiobraziliense.com.br\/servidor\/wp-json\/wp\/v2\/posts\/15452\/revisions\/15453"}],"wp:attachment":[{"href":"https:\/\/blogs.correiobraziliense.com.br\/servidor\/wp-json\/wp\/v2\/media?parent=15452"}],"wp:term":[{"taxonomy":"category","embeddable":true,"href":"https:\/\/blogs.correiobraziliense.com.br\/servidor\/wp-json\/wp\/v2\/categories?post=15452"},{"taxonomy":"post_tag","embeddable":true,"href":"https:\/\/blogs.correiobraziliense.com.br\/servidor\/wp-json\/wp\/v2\/tags?post=15452"}],"curies":[{"name":"wp","href":"https:\/\/api.w.org\/{rel}","templated":true}]}}