{"id":15448,"date":"2020-02-18T13:11:10","date_gmt":"2020-02-18T16:11:10","guid":{"rendered":"https:\/\/blogs.correiobraziliense.com.br\/servidor\/?p=15448"},"modified":"2020-02-18T13:11:10","modified_gmt":"2020-02-18T16:11:10","slug":"tst-posse-da-nova-direcao-2","status":"publish","type":"post","link":"https:\/\/blogs.correiobraziliense.com.br\/servidor\/tst-posse-da-nova-direcao-2\/","title":{"rendered":"TST &#8211; Posse da nova dire\u00e7\u00e3o"},"content":{"rendered":"<p><em>O Tribunal Superior do Trabalho (TST) far\u00e1 amanh\u00e3 (19), \u00e0s 17h, a sess\u00e3o solene de posse da nova dire\u00e7\u00e3o para o bi\u00eanio 2020 a 2022. Ser\u00e3o empossados a ministra Cristina Peduzzi (presidente) e os ministros Vieira de Mello Filho (vice-presidente) e Aloysio Corr\u00eaa da Veiga (corregedor-geral da Justi\u00e7a do Trabalho)<\/em><\/p>\n<p>A solenidade ser\u00e1 na Sala de Sess\u00f5es Plen\u00e1rias Ministro Arnaldo S\u00fcssekind, no t\u00e9rreo do Bloco B do edif\u00edcio sede do TST. A posse ser\u00e1 transmitida ao vivo pelo site do TST e pelo canal do TST no YouTube.<\/p>\n<p><strong>Expediente<\/strong><\/p>\n<p>No dia 19 de fevereiro, o expediente no Tribunal ser\u00e1 das 7h \u00e0s 13h, conforme o Ato GDGSET.GP 21\/2020. A Secretaria-Geral Judici\u00e1ria, a Coordenadoria de Cadastramento Processual, a Coordenadoria de Processos Eletr\u00f4nicos e a Coordenadoria de Classifica\u00e7\u00e3o, Autua\u00e7\u00e3o e Distribui\u00e7\u00e3o de Processos manter\u00e3o plant\u00e3o para atendimento ao p\u00fablico das 13h \u00e0s 19h.<\/p>\n","protected":false},"excerpt":{"rendered":"<p>O Tribunal Superior do Trabalho (TST) far\u00e1 amanh\u00e3 (19), \u00e0s 17h, a sess\u00e3o solene de posse da nova dire\u00e7\u00e3o para o bi\u00eanio 2020 a 2022. Ser\u00e3o empossados a ministra Cristina Peduzzi (presidente) e os ministros Vieira de Mello Filho (vice-presidente) e Aloysio Corr\u00eaa da Veiga (corregedor-geral da Justi\u00e7a do Trabalho) A solenidade ser\u00e1 na Sala de Sess\u00f5es Plen\u00e1rias Ministro Arnaldo [&hellip;]<\/p>\n","protected":false},"author":27,"featured_media":0,"comment_status":"open","ping_status":"closed","sticky":false,"template":"","format":"standard","meta":{"footnotes":""},"categories":[2719],"tags":[17064,4484,697,33,868,81,2227,2794,503,6554],"class_list":["post-15448","post","type-post","status-publish","format-standard","hentry","category-servidor","tag-corregedor-geral","tag-direcao","tag-justica-do-trabalho","tag-ministros","tag-posse","tag-presidente","tag-sessao","tag-solene","tag-tst","tag-vice-presidente"],"_links":{"self":[{"href":"https:\/\/blogs.correiobraziliense.com.br\/servidor\/wp-json\/wp\/v2\/posts\/15448","targetHints":{"allow":["GET"]}}],"collection":[{"href":"https:\/\/blogs.correiobraziliense.com.br\/servidor\/wp-json\/wp\/v2\/posts"}],"about":[{"href":"https:\/\/blogs.correiobraziliense.com.br\/servidor\/wp-json\/wp\/v2\/types\/post"}],"author":[{"embeddable":true,"href":"https:\/\/blogs.correiobraziliense.com.br\/servidor\/wp-json\/wp\/v2\/users\/27"}],"replies":[{"embeddable":true,"href":"https:\/\/blogs.correiobraziliense.com.br\/servidor\/wp-json\/wp\/v2\/comments?post=15448"}],"version-history":[{"count":1,"href":"https:\/\/blogs.correiobraziliense.com.br\/servidor\/wp-json\/wp\/v2\/posts\/15448\/revisions"}],"predecessor-version":[{"id":15449,"href":"https:\/\/blogs.correiobraziliense.com.br\/servidor\/wp-json\/wp\/v2\/posts\/15448\/revisions\/15449"}],"wp:attachment":[{"href":"https:\/\/blogs.correiobraziliense.com.br\/servidor\/wp-json\/wp\/v2\/media?parent=15448"}],"wp:term":[{"taxonomy":"category","embeddable":true,"href":"https:\/\/blogs.correiobraziliense.com.br\/servidor\/wp-json\/wp\/v2\/categories?post=15448"},{"taxonomy":"post_tag","embeddable":true,"href":"https:\/\/blogs.correiobraziliense.com.br\/servidor\/wp-json\/wp\/v2\/tags?post=15448"}],"curies":[{"name":"wp","href":"https:\/\/api.w.org\/{rel}","templated":true}]}}