{"id":15439,"date":"2020-02-18T11:24:54","date_gmt":"2020-02-18T14:24:54","guid":{"rendered":"https:\/\/blogs.correiobraziliense.com.br\/servidor\/?p=15439"},"modified":"2020-02-18T11:24:54","modified_gmt":"2020-02-18T14:24:54","slug":"fids-solidariedade-a-greve-dos-petroleiros","status":"publish","type":"post","link":"https:\/\/blogs.correiobraziliense.com.br\/servidor\/fids-solidariedade-a-greve-dos-petroleiros\/","title":{"rendered":"FIDS &#8211; Solidariedade \u00e0 greve dos petroleiros"},"content":{"rendered":"<p><em>Entidades combatem o as &#8220;for\u00e7as que atentam contra o processo civilizat\u00f3rio&#8221; e defendem os &#8220;direitos sociais, das institui\u00e7\u00f5es p\u00fablicas do mundo do trabalho aptas a dar-lhes efic\u00e1cia, do respeito \u00e0s organiza\u00e7\u00f5es sindicais e aos instrumentos coletivos de negocia\u00e7\u00e3o&#8221;<\/em><\/p>\n<p>Veja a nota:<\/p>\n<p>&#8220;O F\u00f3rum Interinstitucional de Defesa do Direito do Trabalho e da Previd\u00eancia Social (FIDS), integrado por entidades de representa\u00e7\u00e3o do mundo do trabalho e do campo social, organiza\u00e7\u00f5es de trabalhadores, professores e pesquisadores, endossando notas j\u00e1 veiculadas a respeito, vem a p\u00fablico prestar integral solidariedade aos trabalhadores petroleiros em luta herc\u00falea contra as for\u00e7as que atentam contra o processo civilizat\u00f3rio e contra o Estado Social que a Constitui\u00e7\u00e3o Cidad\u00e3 de 1988 buscou construir.<\/p>\n<p>For\u00e7as essas que, em not\u00f3rio retrocesso social, apostam no fechamento dos espa\u00e7os e mecanismos de di\u00e1logo e entendimento, provocam a retirada de direitos conquistados e a fragiliza\u00e7\u00e3o das institui\u00e7\u00f5es p\u00fablicas encarregadas de dar-lhes efic\u00e1cia.<\/p>\n<p>Expressa, tamb\u00e9m, sua desconformidade com quaisquer a\u00e7\u00f5es de intimida\u00e7\u00e3o e de persegui\u00e7\u00e3o contra trabalhadores em greve, na luta pela defesa de seus direitos e contra o ataque \u00e0 coisa p\u00fablica e \u00e0 soberania nacional, ataques esses denunciados nacional e internacionalmente.<\/p>\n<p>Nesse sentido, firme na defesa dos direitos sociais, das institui\u00e7\u00f5es p\u00fablicas do mundo do trabalho aptas a dar-lhes efic\u00e1cia, do respeito \u00e0s organiza\u00e7\u00f5es sindicais e aos instrumentos coletivos de negocia\u00e7\u00e3o, o FIDS presta solidariedade aos petroleiros e afirma sua defesa na democracia, em favor do patrim\u00f4nio brasileiro e na necess\u00e1ria retomada do crescimento econ\u00f4mico com respeito aos direitos conquistados e aos princ\u00edpios constitucionais da dignidade humana e dos valores sociais do trabalho.<\/p>\n<p>Bras\u00edlia, 17 de fevereiro de 2020.<br \/>\nANGELO FABIANO FARIAS DA COSTA<br \/>\nPresidente da Associa\u00e7\u00e3o Nacional dos Procuradores do Trabalho<br \/>\nSecret\u00e1rio-Executivo do F\u00f3rum Interinstitucional de Defesa do Direito do Trabalho e da Previd\u00eancia Social (FIDS),<\/p>\n<p>Entidades integrantes do F\u00f3rum Interinstitucional de Defesa do Direito do Trabalho e da Previd\u00eancia Social que assinam esta nota:<\/p>\n<p>Associa\u00e7\u00e3o Nacional dos Magistrados da Justi\u00e7a do Trabalho &#8211; ANAMATRA<br \/>\nAssocia\u00e7\u00e3o Nacional dos Procuradores do Trabalho &#8211; ANPT<br \/>\nAssocia\u00e7\u00e3o Brasileira de Advogados Trabalhistas- ABRAT<br \/>\nAssocia\u00e7\u00e3o Latino-Americana de Advogados Trabalhistas \u2013 ALAL<br \/>\nAssocia\u00e7\u00e3o Latino-Americana de Ju\u00edzes do Trabalho \u2013 ALJT<br \/>\nAssocia\u00e7\u00e3o Luso-Brasileira de Juristas do Trabalho &#8211; JUTRA<br \/>\nAssocia\u00e7\u00e3o dos Funcion\u00e1rios do Banco do Nordeste do Brasil &#8211; AFBNB<br \/>\nCentral dos Sindicatos Brasileiros &#8211; CSB<br \/>\nCentral \u00danica dos Trabalhadores &#8211; CUT<br \/>\nConfedera\u00e7\u00e3o Nacional das Profiss\u00f5es Liberais \u2013 CNPL<br \/>\nConfedera\u00e7\u00e3o Nacional dos Trabalhadores em Estabelecimentos de Ensino \u2013 CONTEE<br \/>\nConfedera\u00e7\u00e3o Nacional dos Trabalhadores do Ramo Financeiro da CUT \u2013 CONTRAF-CUT<br \/>\nConfedera\u00e7\u00e3o Nacional dos Trabalhadores Metal\u00fargicos \u2013 CNTM<br \/>\nConfedera\u00e7\u00e3o Nacional dos Trabalhadores no Com\u00e9rcio e Servi\u00e7o &#8211; Contrac\u2019s\/CUT<br \/>\nFedera\u00e7\u00e3o dos Sindicatos de Metal\u00fargicos de S\u00e3o Paulo<br \/>\nFedera\u00e7\u00e3o Interestadual dos Trabalhadores e Pesquisadores em Servi\u00e7os de Telecomunica\u00e7\u00f5es \u2013 FITATRELP<br \/>\nFor\u00e7a Sindical<br \/>\nF\u00f3rum Nacional em Defesa dos Direitos dos Trabalhadores Amea\u00e7ados pela Terceiriza\u00e7\u00e3o Intersindical<br \/>\nSindicato dos Empregados em Estabelecimentos Banc\u00e1rios de S\u00e3o Paulo, Osasco e Regi\u00e3o<br \/>\nSindicato dos Metal\u00fargicos de S\u00e3o Jos\u00e9 dos Campos e Regi\u00e3o<br \/>\nSindicato dos Metal\u00fargicos de S\u00e3o Paulo<br \/>\nSindicato dos Trabalhadores em Telecomunica\u00e7\u00f5es do Distrito Federal \u2013 SINTTEL \u2013 DF<br \/>\nSindicato Nacional dos Auditores Fiscais do Trabalho- SINAIT&#8221;<\/p>\n","protected":false},"excerpt":{"rendered":"<p>Entidades combatem o as &#8220;for\u00e7as que atentam contra o processo civilizat\u00f3rio&#8221; e defendem os &#8220;direitos sociais, das institui\u00e7\u00f5es p\u00fablicas do mundo do trabalho aptas a dar-lhes efic\u00e1cia, do respeito \u00e0s organiza\u00e7\u00f5es sindicais e aos instrumentos coletivos de negocia\u00e7\u00e3o&#8221; Veja a nota: &#8220;O F\u00f3rum Interinstitucional de Defesa do Direito do Trabalho e da Previd\u00eancia Social (FIDS), integrado por entidades de representa\u00e7\u00e3o [&hellip;]<\/p>\n","protected":false},"author":27,"featured_media":0,"comment_status":"open","ping_status":"closed","sticky":false,"template":"","format":"standard","meta":{"footnotes":""},"categories":[2719],"tags":[2584,1133,11147,17056,5090,15,42,4165,7816,6244,1603,2976,1260,2833,19,261],"class_list":["post-15439","post","type-post","status-publish","format-standard","hentry","category-servidor","tag-constituicao","tag-dialogo","tag-direito-do-trabalho","tag-direitos-sociis","tag-fids","tag-greve","tag-negociacao","tag-organizacoes","tag-pesquisadores","tag-petroleiros","tag-previdencia-social","tag-professores","tag-sindicais","tag-solidariedade","tag-trabalhadores","tag-trabalho"],"_links":{"self":[{"href":"https:\/\/blogs.correiobraziliense.com.br\/servidor\/wp-json\/wp\/v2\/posts\/15439","targetHints":{"allow":["GET"]}}],"collection":[{"href":"https:\/\/blogs.correiobraziliense.com.br\/servidor\/wp-json\/wp\/v2\/posts"}],"about":[{"href":"https:\/\/blogs.correiobraziliense.com.br\/servidor\/wp-json\/wp\/v2\/types\/post"}],"author":[{"embeddable":true,"href":"https:\/\/blogs.correiobraziliense.com.br\/servidor\/wp-json\/wp\/v2\/users\/27"}],"replies":[{"embeddable":true,"href":"https:\/\/blogs.correiobraziliense.com.br\/servidor\/wp-json\/wp\/v2\/comments?post=15439"}],"version-history":[{"count":1,"href":"https:\/\/blogs.correiobraziliense.com.br\/servidor\/wp-json\/wp\/v2\/posts\/15439\/revisions"}],"predecessor-version":[{"id":15440,"href":"https:\/\/blogs.correiobraziliense.com.br\/servidor\/wp-json\/wp\/v2\/posts\/15439\/revisions\/15440"}],"wp:attachment":[{"href":"https:\/\/blogs.correiobraziliense.com.br\/servidor\/wp-json\/wp\/v2\/media?parent=15439"}],"wp:term":[{"taxonomy":"category","embeddable":true,"href":"https:\/\/blogs.correiobraziliense.com.br\/servidor\/wp-json\/wp\/v2\/categories?post=15439"},{"taxonomy":"post_tag","embeddable":true,"href":"https:\/\/blogs.correiobraziliense.com.br\/servidor\/wp-json\/wp\/v2\/tags?post=15439"}],"curies":[{"name":"wp","href":"https:\/\/api.w.org\/{rel}","templated":true}]}}