{"id":15432,"date":"2020-02-16T20:15:24","date_gmt":"2020-02-16T23:15:24","guid":{"rendered":"https:\/\/blogs.correiobraziliense.com.br\/servidor\/?p=15432"},"modified":"2020-02-16T20:15:24","modified_gmt":"2020-02-16T23:15:24","slug":"alerta-aposentados-do-ibge-tiveram-a-gratificacao-de-qualificacao-cortada","status":"publish","type":"post","link":"https:\/\/blogs.correiobraziliense.com.br\/servidor\/alerta-aposentados-do-ibge-tiveram-a-gratificacao-de-qualificacao-cortada\/","title":{"rendered":"Alerta &#8211; Aposentados do IBGE tiveram a gratifica\u00e7\u00e3o de qualifica\u00e7\u00e3o cortada"},"content":{"rendered":"<p><em>A Associa\u00e7\u00e3o dos Funcion\u00e1rios do IBGE (AssIBGE-SN) chama a aten\u00e7\u00e3o sobre o preju\u00edzo ao bolso dos trabalhadores. De acordo com a entidade, cerca de 150 funcion\u00e1rios, a maioria aposentados, foram comunicados pelo IBGE que ter\u00e3o a gratifica\u00e7\u00e3o de qualifica\u00e7\u00e3o cortada a partir de fevereiro, por determina\u00e7\u00e3o do Minist\u00e9rio da Economia<\/em><\/p>\n<p>Em fun\u00e7\u00e3o disso, o departamento jur\u00eddico da AssIBGE-SN vai tomar as provid\u00eancias cab\u00edveis, caso a caso. &#8220;Para comprovar o direito adquirido, os ibgeanos afetados por esta decis\u00e3o devem se dirigir ao Jur\u00eddico do sindicato com o comprovante de sua qualifica\u00e7\u00e3o, um contracheque em que consta o pagamento da GQ e um contracheque sem a GQ. Qualquer d\u00favida, os colegas devem entrar em contato com a assessoria jur\u00eddica da AssIBGE-SN: (21) 3575-5761&#8221;, informa.<\/p>\n","protected":false},"excerpt":{"rendered":"<p>A Associa\u00e7\u00e3o dos Funcion\u00e1rios do IBGE (AssIBGE-SN) chama a aten\u00e7\u00e3o sobre o preju\u00edzo ao bolso dos trabalhadores. De acordo com a entidade, cerca de 150 funcion\u00e1rios, a maioria aposentados, foram comunicados pelo IBGE que ter\u00e3o a gratifica\u00e7\u00e3o de qualifica\u00e7\u00e3o cortada a partir de fevereiro, por determina\u00e7\u00e3o do Minist\u00e9rio da Economia Em fun\u00e7\u00e3o disso, o departamento jur\u00eddico da AssIBGE-SN vai tomar [&hellip;]<\/p>\n","protected":false},"author":27,"featured_media":0,"comment_status":"open","ping_status":"closed","sticky":false,"template":"","format":"standard","meta":{"footnotes":""},"categories":[2719],"tags":[138,345,4006,2195,3351,258,17055,2042,14327],"class_list":["post-15432","post","type-post","status-publish","format-standard","hentry","category-servidor","tag-alerta","tag-aposentados","tag-assibge","tag-comprovante","tag-contracheque","tag-corte","tag-gratificacao-de-qualificacao","tag-ibge","tag-ministerio-da-economia"],"_links":{"self":[{"href":"https:\/\/blogs.correiobraziliense.com.br\/servidor\/wp-json\/wp\/v2\/posts\/15432","targetHints":{"allow":["GET"]}}],"collection":[{"href":"https:\/\/blogs.correiobraziliense.com.br\/servidor\/wp-json\/wp\/v2\/posts"}],"about":[{"href":"https:\/\/blogs.correiobraziliense.com.br\/servidor\/wp-json\/wp\/v2\/types\/post"}],"author":[{"embeddable":true,"href":"https:\/\/blogs.correiobraziliense.com.br\/servidor\/wp-json\/wp\/v2\/users\/27"}],"replies":[{"embeddable":true,"href":"https:\/\/blogs.correiobraziliense.com.br\/servidor\/wp-json\/wp\/v2\/comments?post=15432"}],"version-history":[{"count":1,"href":"https:\/\/blogs.correiobraziliense.com.br\/servidor\/wp-json\/wp\/v2\/posts\/15432\/revisions"}],"predecessor-version":[{"id":15433,"href":"https:\/\/blogs.correiobraziliense.com.br\/servidor\/wp-json\/wp\/v2\/posts\/15432\/revisions\/15433"}],"wp:attachment":[{"href":"https:\/\/blogs.correiobraziliense.com.br\/servidor\/wp-json\/wp\/v2\/media?parent=15432"}],"wp:term":[{"taxonomy":"category","embeddable":true,"href":"https:\/\/blogs.correiobraziliense.com.br\/servidor\/wp-json\/wp\/v2\/categories?post=15432"},{"taxonomy":"post_tag","embeddable":true,"href":"https:\/\/blogs.correiobraziliense.com.br\/servidor\/wp-json\/wp\/v2\/tags?post=15432"}],"curies":[{"name":"wp","href":"https:\/\/api.w.org\/{rel}","templated":true}]}}