{"id":15420,"date":"2020-02-15T16:05:38","date_gmt":"2020-02-15T19:05:38","guid":{"rendered":"https:\/\/blogs.correiobraziliense.com.br\/servidor\/?p=15420"},"modified":"2020-02-15T16:05:38","modified_gmt":"2020-02-15T19:05:38","slug":"o-futuro-do-trabalho-e-do-trabalhador","status":"publish","type":"post","link":"https:\/\/blogs.correiobraziliense.com.br\/servidor\/o-futuro-do-trabalho-e-do-trabalhador\/","title":{"rendered":"O futuro do trabalho e do trabalhador"},"content":{"rendered":"<p><em>Evento ser\u00e1 em 27 de mar\u00e7o na C\u00e2mara Municipal de Campinas, aberto ao p\u00fablico. Os desafios das novas rela\u00e7\u00f5es de trabalho influenciadas pelas novas tecnologias, fragiliza\u00e7\u00e3o de contratos e direitos sociais, e o pr\u00f3prio futuro do sindicalismo<\/em><\/p>\n<p><img loading=\"lazy\" decoding=\"async\" class=\"size-large wp-image-15422 aligncenter\" src=\"https:\/\/blogs.correiobraziliense.com.br\/servidor\/wp-content\/uploads\/sites\/10\/2020\/02\/futuro-do-trabalho-724x1024.jpg\" alt=\"\" width=\"724\" height=\"1024\" \/><\/p>\n<p>Participa\u00e7\u00e3o da presidente do Tribunal Regional do Trabalho da 15\u00aa Regi\u00e3o, Gisela Moraes, do diretor da Associa\u00e7\u00e3o Nacional dos Magistrados do Trabalho (Anamatra), Marcus Barberino, do presidente do Sindicato Nacional dos Auditores Fiscais do Trabalho (Sinait), Carlos Silva, do presidente da P\u00fablica Central do Servidor, Jos\u00e9 Gozze, especialistas da Unicamp, procuradores do Minist\u00e9rio P\u00fablico do Trabalho e lideran\u00e7as sindicais.<\/p>\n<p>Realiza\u00e7\u00e3o Rede de Sindicatos de trabalhadores do setor p\u00fablico e privado de Campinas e Regi\u00e3o, com apoio da Escola Legislativa da C\u00e2mara de Campinas (Elecamp), e coordena\u00e7\u00e3o da Ag\u00eancia Servidores e Mhais Comunica\u00e7\u00e3o.<\/p>\n<p><strong>Evento Gratuito<\/strong><\/p>\n<p>Com certifica\u00e7\u00e3o da Escola Legislativa;<br \/>\nDia 27.03 &#8211; 09h30 \u00e0s 16h30.<\/p>\n<p>http:\/\/elecamp.campinas.sp.leg.br\/capacitacoes\/60<\/p>\n","protected":false},"excerpt":{"rendered":"<p>Evento ser\u00e1 em 27 de mar\u00e7o na C\u00e2mara Municipal de Campinas, aberto ao p\u00fablico. Os desafios das novas rela\u00e7\u00f5es de trabalho influenciadas pelas novas tecnologias, fragiliza\u00e7\u00e3o de contratos e direitos sociais, e o pr\u00f3prio futuro do sindicalismo Participa\u00e7\u00e3o da presidente do Tribunal Regional do Trabalho da 15\u00aa Regi\u00e3o, Gisela Moraes, do diretor da Associa\u00e7\u00e3o Nacional dos Magistrados do Trabalho (Anamatra), [&hellip;]<\/p>\n","protected":false},"author":27,"featured_media":0,"comment_status":"open","ping_status":"closed","sticky":false,"template":"","format":"standard","meta":{"footnotes":""},"categories":[2719],"tags":[17045,250,17046,9674,1200,5376,1198,3426,3088,261],"class_list":["post-15420","post","type-post","status-publish","format-standard","hentry","category-servidor","tag-camara-municipal-de-campinas","tag-contratos","tag-direitos-sociais","tag-fragilizacao","tag-futuro","tag-relacoes","tag-sindicalismo","tag-tecnologias","tag-trabalhador","tag-trabalho"],"_links":{"self":[{"href":"https:\/\/blogs.correiobraziliense.com.br\/servidor\/wp-json\/wp\/v2\/posts\/15420","targetHints":{"allow":["GET"]}}],"collection":[{"href":"https:\/\/blogs.correiobraziliense.com.br\/servidor\/wp-json\/wp\/v2\/posts"}],"about":[{"href":"https:\/\/blogs.correiobraziliense.com.br\/servidor\/wp-json\/wp\/v2\/types\/post"}],"author":[{"embeddable":true,"href":"https:\/\/blogs.correiobraziliense.com.br\/servidor\/wp-json\/wp\/v2\/users\/27"}],"replies":[{"embeddable":true,"href":"https:\/\/blogs.correiobraziliense.com.br\/servidor\/wp-json\/wp\/v2\/comments?post=15420"}],"version-history":[{"count":1,"href":"https:\/\/blogs.correiobraziliense.com.br\/servidor\/wp-json\/wp\/v2\/posts\/15420\/revisions"}],"predecessor-version":[{"id":15423,"href":"https:\/\/blogs.correiobraziliense.com.br\/servidor\/wp-json\/wp\/v2\/posts\/15420\/revisions\/15423"}],"wp:attachment":[{"href":"https:\/\/blogs.correiobraziliense.com.br\/servidor\/wp-json\/wp\/v2\/media?parent=15420"}],"wp:term":[{"taxonomy":"category","embeddable":true,"href":"https:\/\/blogs.correiobraziliense.com.br\/servidor\/wp-json\/wp\/v2\/categories?post=15420"},{"taxonomy":"post_tag","embeddable":true,"href":"https:\/\/blogs.correiobraziliense.com.br\/servidor\/wp-json\/wp\/v2\/tags?post=15420"}],"curies":[{"name":"wp","href":"https:\/\/api.w.org\/{rel}","templated":true}]}}