{"id":15403,"date":"2020-02-14T15:28:19","date_gmt":"2020-02-14T18:28:19","guid":{"rendered":"https:\/\/blogs.correiobraziliense.com.br\/servidor\/?p=15403"},"modified":"2020-02-14T15:28:19","modified_gmt":"2020-02-14T18:28:19","slug":"fup-alerta-a-populacao-intransigencia-da-gestao-da-petrobras-pode-causar-desabastecimento","status":"publish","type":"post","link":"https:\/\/blogs.correiobraziliense.com.br\/servidor\/fup-alerta-a-populacao-intransigencia-da-gestao-da-petrobras-pode-causar-desabastecimento\/","title":{"rendered":"FUP alerta a popula\u00e7\u00e3o: Intransig\u00eancia da gest\u00e3o da Petrobras pode causar desabastecimento"},"content":{"rendered":"<p><em>Por meio de nota, a Federa\u00e7\u00e3o \u00danica dos Petroleiros (FUP), categoria que est\u00e1 em greve desde o dia 1\u00ba de fevereiro contra mil demiss\u00f5es na F\u00e1brica de Fertilizantes Nitrogenados (Fafen), de Arauc\u00e1ria, no Paran\u00e1, alerta sobre poss\u00edvel &#8220;desabastecimento premeditado&#8221; de derivados de petr\u00f3leo (g\u00e1s de cozinha, gasolina, diesel) em algumas regi\u00f5es do pa\u00eds na pr\u00f3xima semana para criminalizar os trabalhadores<\/em><\/p>\n<p>Em v\u00eddeo, a categoria diz que a dire\u00e7\u00e3o da petroleira est\u00e1 agindo de forma premeditada. O presidente da Petrobras, Roberto Castello Branco, quer colocar a popula\u00e7\u00e3o contra os trabalhadores e as trabalhadoras.\u00a0\u201cA Petrobras, no entanto, n\u00e3o aceita negociar com os sindicatos e tenta criminalizar a greve dos petroleiros, mentindo para o Judici\u00e1rio\u201d, denuncia o secret\u00e1rio de Assuntos Jur\u00eddicos e Institucionais da Federa\u00e7\u00e3o \u00danica dos Petroleiros (FUP), Deyvid Bacelar.<\/p>\n<p>Veja a nota:<\/p>\n<p>\u201cBuscamos cumprir as condi\u00e7\u00f5es determinadas pela Justi\u00e7a, mas a atual gest\u00e3o n\u00e3o quer permitir que assumamos os efetivos das unidades para aumentar a produ\u00e7\u00e3o e reduzir os pre\u00e7os dos derivados de petr\u00f3leo\u201d, afirma o sindicalista se referindo a outra pauta de reivindica\u00e7\u00e3o da categoria que \u00e9 pelo pre\u00e7o justo.<\/p>\n<p>A Petrobr\u00e1s tem o papel social de abastecer a popula\u00e7\u00e3o brasileira, mas a atual gest\u00e3o da empresa quer mudar isso.<\/p>\n<p>J\u00e1 estamos h\u00e1 13 dias em greve, tentando reverter as demiss\u00f5es em massa que atingem milhares de fam\u00edlias de trabalhadores.<\/p>\n<p>O fechamento de f\u00e1bricas e a venda de refinarias aumentam o desemprego no pa\u00eds e pesam no bolso da popula\u00e7\u00e3o, que j\u00e1 sofre com os pre\u00e7os abusivos dos combust\u00edveis.<\/p>\n<p>O que queremos \u00e9 garantir os empregos e pre\u00e7os justos para o g\u00e1s de cozinha, a gasolina, o diesel.<\/p>\n<p>A Petrobr\u00e1s, no entanto, n\u00e3o aceita negociar com os sindicatos e tenta criminalizar a greve dos petroleiros, mentindo para o judici\u00e1rio.<\/p>\n<p>Buscamos cumprir as condi\u00e7\u00f5es determinadas pela justi\u00e7a, mas a atual gest\u00e3o n\u00e3o quer permitir que assumamos os efetivos das unidades para aumentar a produ\u00e7\u00e3o e reduzir os pre\u00e7os dos derivados de petr\u00f3leo.<\/p>\n<p>O objetivo do presidente da Petrobras, Roberto Castello Branco, \u00e9 colocar a popula\u00e7\u00e3o contra n\u00f3s, trabalhadores, culpando os grevistas por um poss\u00edvel desabastecimento que venha a ocorrer. Se isso acontece, a culpa \u00e9 da intransig\u00eancia dos gestores.<\/p>\n<p>Por isso, alertamos a popula\u00e7\u00e3o para que fique atenta. A dire\u00e7\u00e3o da Petrobr\u00e1s poder\u00e1 provocar de forma premeditada desabastecimentos em algumas regi\u00f5es do pa\u00eds.<\/p>\n<p>N\u00e3o estamos em greve para desabastecer a popula\u00e7\u00e3o. Nossa greve \u00e9 a favor do Brasil.<\/p>\n<p>Lutamos por empregos e para que a Petrobr\u00e1s cumpra o papel social para o qual foi criada: garantir o abastecimento de norte a sul do pa\u00eds, com pre\u00e7os justos para toda a popula\u00e7\u00e3o.<\/p>\n<p>Junte-se a n\u00f3s em defesa de uma Petrobr\u00e1s a servi\u00e7o do Povo Brasileiro.<\/p>\n","protected":false},"excerpt":{"rendered":"<p>Por meio de nota, a Federa\u00e7\u00e3o \u00danica dos Petroleiros (FUP), categoria que est\u00e1 em greve desde o dia 1\u00ba de fevereiro contra mil demiss\u00f5es na F\u00e1brica de Fertilizantes Nitrogenados (Fafen), de Arauc\u00e1ria, no Paran\u00e1, alerta sobre poss\u00edvel &#8220;desabastecimento premeditado&#8221; de derivados de petr\u00f3leo (g\u00e1s de cozinha, gasolina, diesel) em algumas regi\u00f5es do pa\u00eds na pr\u00f3xima semana para criminalizar os trabalhadores [&hellip;]<\/p>\n","protected":false},"author":27,"featured_media":0,"comment_status":"open","ping_status":"closed","sticky":false,"template":"","format":"standard","meta":{"footnotes":""},"categories":[2719],"tags":[138,379,7520,3912,17034,1000,12503,3913,315,17033,201,6244,545,17035,19],"class_list":["post-15403","post","type-post","status-publish","format-standard","hentry","category-servidor","tag-alerta","tag-categoria","tag-desabastecimento","tag-diesel","tag-fafen","tag-fup","tag-gas-de-cozinha","tag-gasolina","tag-gestao","tag-intransigencia","tag-petrobras","tag-petroleiros","tag-populacao","tag-premeditado","tag-trabalhadores"],"_links":{"self":[{"href":"https:\/\/blogs.correiobraziliense.com.br\/servidor\/wp-json\/wp\/v2\/posts\/15403","targetHints":{"allow":["GET"]}}],"collection":[{"href":"https:\/\/blogs.correiobraziliense.com.br\/servidor\/wp-json\/wp\/v2\/posts"}],"about":[{"href":"https:\/\/blogs.correiobraziliense.com.br\/servidor\/wp-json\/wp\/v2\/types\/post"}],"author":[{"embeddable":true,"href":"https:\/\/blogs.correiobraziliense.com.br\/servidor\/wp-json\/wp\/v2\/users\/27"}],"replies":[{"embeddable":true,"href":"https:\/\/blogs.correiobraziliense.com.br\/servidor\/wp-json\/wp\/v2\/comments?post=15403"}],"version-history":[{"count":1,"href":"https:\/\/blogs.correiobraziliense.com.br\/servidor\/wp-json\/wp\/v2\/posts\/15403\/revisions"}],"predecessor-version":[{"id":15404,"href":"https:\/\/blogs.correiobraziliense.com.br\/servidor\/wp-json\/wp\/v2\/posts\/15403\/revisions\/15404"}],"wp:attachment":[{"href":"https:\/\/blogs.correiobraziliense.com.br\/servidor\/wp-json\/wp\/v2\/media?parent=15403"}],"wp:term":[{"taxonomy":"category","embeddable":true,"href":"https:\/\/blogs.correiobraziliense.com.br\/servidor\/wp-json\/wp\/v2\/categories?post=15403"},{"taxonomy":"post_tag","embeddable":true,"href":"https:\/\/blogs.correiobraziliense.com.br\/servidor\/wp-json\/wp\/v2\/tags?post=15403"}],"curies":[{"name":"wp","href":"https:\/\/api.w.org\/{rel}","templated":true}]}}