{"id":1540,"date":"2016-04-19T12:33:10","date_gmt":"2016-04-19T15:33:10","guid":{"rendered":"https:\/\/blogs.correiobraziliense.com.br\/servidor\/?p=1540"},"modified":"2016-04-19T12:33:10","modified_gmt":"2016-04-19T15:33:10","slug":"planejamento-publica-nova-lista-com-138-imoveis-para-venda","status":"publish","type":"post","link":"https:\/\/blogs.correiobraziliense.com.br\/servidor\/planejamento-publica-nova-lista-com-138-imoveis-para-venda\/","title":{"rendered":"PLANEJAMENTO PUBLICA NOVA LISTA COM 138 IM\u00d3VEIS PARA VENDA"},"content":{"rendered":"<p><em>Im\u00f3veis de autarquias federais tamb\u00e9m comp\u00f5em a lista<\/em><\/p>\n<p>&nbsp;<\/p>\n<p>Para reduzir despesas e racionalizar gastos, o Minist\u00e9rio do Planejamento, Or\u00e7amento e Gest\u00e3o (MP) publicou hoje (19), no Di\u00e1rio Oficial da Uni\u00e3o, a <a href=\"http:\/\/pesquisa.in.gov.br\/imprensa\/jsp\/visualiza\/index.jsp?jornal=1&amp;pagina=65&amp;data=19\/04\/2016\">Portaria\u00a0n\u00b0\u00a073<\/a> que autoriza a venda de 138 im\u00f3veis em 14 estados e no Distrito Federal. A venda ser\u00e1 realizada pela Caixa Econ\u00f4mica Federal, que ter\u00e1 180 dias, a partir de hoje, para publicar editais, contendo as regras da aliena\u00e7\u00e3o, de acordo com a <a href=\"http:\/\/www.planalto.gov.br\/ccivil_03\/_Ato2015-2018\/2015\/Lei\/L13240.htm\">Lei n\u00ba 13.240\/2015<\/a>.<\/p>\n<p>&nbsp;<\/p>\n<p>A lista \u00e9 composta de im\u00f3veis que n\u00e3o ser\u00e3o utilizados pela Uni\u00e3o e as autarquias, como, por exemplo, terrenos localizados em regi\u00e3o residencial de Bras\u00edlia-DF do Instituto Nacional de Coloniza\u00e7\u00e3o Agr\u00e1ria (Incra).<\/p>\n<p>&nbsp;<\/p>\n<p>\u201cEstamos buscando parcerias com \u00f3rg\u00e3os federais da administra\u00e7\u00e3o direta e indireta para identificar im\u00f3veis como esses. O objetivo \u00e9 racionalizar a gest\u00e3o do patrim\u00f4nio e gerar receitas a serem investidas nas a\u00e7\u00f5es priorit\u00e1rias de cada \u00f3rg\u00e3o\u201d, afirmou o secret\u00e1rio adjunto de Patrim\u00f4nio da Uni\u00e3o do MP, Patryck Ara\u00fajo Carvalho.<\/p>\n<p>&nbsp;<\/p>\n<p>Essa \u00e9 a segunda autoriza\u00e7\u00e3o publicada em 2016. A primeira, autorizada pela <a href=\"http:\/\/pesquisa.in.gov.br\/imprensa\/jsp\/visualiza\/index.jsp?data=19\/01\/2016&amp;jornal=1&amp;pagina=57&amp;totalArquivos=68\">Portaria n\u00ba 24\/2016<\/a>, previu a venda de 239 im\u00f3veis da Uni\u00e3o. A aliena\u00e7\u00e3o ser\u00e1 precedida de licita\u00e7\u00f5es, nas modalidades concorr\u00eancia ou leil\u00e3o, conduzidas pela Caixa Econ\u00f4mica Federal (CEF), nos mesmos moldes do <a href=\"http:\/\/www.planejamento.gov.br\/assuntos\/patrimonio-da-uniao\/licitacoes\/edital_anexos_cp_0023_2016.pdf\">Edital de Concorr\u00eancia P\u00fablica n\u00ba 26\/2016<\/a>, em andamento.<\/p>\n","protected":false},"excerpt":{"rendered":"<p>Im\u00f3veis de autarquias federais tamb\u00e9m comp\u00f5em a lista &nbsp; Para reduzir despesas e racionalizar gastos, o Minist\u00e9rio do Planejamento, Or\u00e7amento e Gest\u00e3o (MP) publicou hoje (19), no Di\u00e1rio Oficial da Uni\u00e3o, a Portaria\u00a0n\u00b0\u00a073 que autoriza a venda de 138 im\u00f3veis em 14 estados e no Distrito Federal. A venda ser\u00e1 realizada pela Caixa Econ\u00f4mica Federal, que ter\u00e1 180 dias, a [&hellip;]<\/p>\n","protected":false},"author":27,"featured_media":0,"comment_status":"open","ping_status":"closed","sticky":false,"template":"","format":"standard","meta":{"footnotes":""},"categories":[1],"tags":[235,1169,1832,986,3,147,1195,149],"class_list":["post-1540","post","type-post","status-publish","format-standard","hentry","category-sem-categoria","tag-despesas","tag-gastos","tag-imoveis","tag-lista","tag-planejamento","tag-publica","tag-reduzir","tag-venda"],"_links":{"self":[{"href":"https:\/\/blogs.correiobraziliense.com.br\/servidor\/wp-json\/wp\/v2\/posts\/1540","targetHints":{"allow":["GET"]}}],"collection":[{"href":"https:\/\/blogs.correiobraziliense.com.br\/servidor\/wp-json\/wp\/v2\/posts"}],"about":[{"href":"https:\/\/blogs.correiobraziliense.com.br\/servidor\/wp-json\/wp\/v2\/types\/post"}],"author":[{"embeddable":true,"href":"https:\/\/blogs.correiobraziliense.com.br\/servidor\/wp-json\/wp\/v2\/users\/27"}],"replies":[{"embeddable":true,"href":"https:\/\/blogs.correiobraziliense.com.br\/servidor\/wp-json\/wp\/v2\/comments?post=1540"}],"version-history":[{"count":1,"href":"https:\/\/blogs.correiobraziliense.com.br\/servidor\/wp-json\/wp\/v2\/posts\/1540\/revisions"}],"predecessor-version":[{"id":1541,"href":"https:\/\/blogs.correiobraziliense.com.br\/servidor\/wp-json\/wp\/v2\/posts\/1540\/revisions\/1541"}],"wp:attachment":[{"href":"https:\/\/blogs.correiobraziliense.com.br\/servidor\/wp-json\/wp\/v2\/media?parent=1540"}],"wp:term":[{"taxonomy":"category","embeddable":true,"href":"https:\/\/blogs.correiobraziliense.com.br\/servidor\/wp-json\/wp\/v2\/categories?post=1540"},{"taxonomy":"post_tag","embeddable":true,"href":"https:\/\/blogs.correiobraziliense.com.br\/servidor\/wp-json\/wp\/v2\/tags?post=1540"}],"curies":[{"name":"wp","href":"https:\/\/api.w.org\/{rel}","templated":true}]}}