{"id":15385,"date":"2020-02-13T15:54:25","date_gmt":"2020-02-13T18:54:25","guid":{"rendered":"https:\/\/blogs.correiobraziliense.com.br\/servidor\/?p=15385"},"modified":"2020-02-13T15:54:25","modified_gmt":"2020-02-13T18:54:25","slug":"mpf-em-campos-abre-inscricoes-para-13-processo-seletivo-de-direito","status":"publish","type":"post","link":"https:\/\/blogs.correiobraziliense.com.br\/servidor\/mpf-em-campos-abre-inscricoes-para-13-processo-seletivo-de-direito\/","title":{"rendered":"MPF em Campos abre inscri\u00e7\u00f5es para 13\u00b0 processo seletivo de Direito"},"content":{"rendered":"<p><em>O prazo para inscri\u00e7\u00e3o encerra no dia 20 de fevereiro,\u00a0de 12 \u00e0s 17 horas, na Procuradoria da Rep\u00fablica no Munic\u00edpio de Campos dos Goytacazes<\/em><\/p>\n<p>O Minist\u00e9rio P\u00fablico Federal (MPF) em Campos far\u00e1 o 13\u00ba processo seletivo para forma\u00e7\u00e3o de cadastro de reserva de estagi\u00e1rios de Direito no dia 8 de mar\u00e7o de 2020. O \u00f3rg\u00e3o conta com 6 vagas de est\u00e1gio, com jornada de 20 horas semanais, bolsa mensal de R$ 850 e aux\u00edlio transporte no valor de R$ 7 reais por dia.<\/p>\n<p>As inscri\u00e7\u00f5es terminam no dia 20 de fevereiro. O candidato pode se inscrever nos hor\u00e1rios de 12 \u00e0s 17 horas, na Procuradoria da Rep\u00fablica no Munic\u00edpio de Campos dos Goytacazes. No ato da inscri\u00e7\u00e3o, o estudante deve apresentar a carteira de identidade, CPF, declara\u00e7\u00e3o de escolaridade e laudo m\u00e9dico conforme o edital.<\/p>\n<p>O concurso ocorrer\u00e1 em duas etapas, simultaneamente. A prova objetiva ter\u00e1 40 quest\u00f5es objetivas das disciplinas Direito Administrativo, Direito Civil, Direito Penal, Direito Constitucional, Direito Processual Civil, Direito Processual Penal e L\u00edngua Portuguesa. A prova subjetiva consistir\u00e1 em duas quest\u00f5es: uma de direito constitucional e outra de direito processual penal.<\/p>\n<p>A prova ser\u00e1 das 9 \u00e0s 13 horas no Instituto Federal de Educa\u00e7\u00e3o, Ci\u00eancia e Tecnologia Fluminense (IFF), localizado \u00e0 Rua Dr. Siqueira, 273, Parque Dom Bosco.<\/p>\n<p>A Comiss\u00e3o Examinadora \u00e9 composta pelos procuradores da Rep\u00fablica Bruno de Almeida Ferraz e Guilherme Garcia Virg\u00edlio, al\u00e9m do servidor Haroldo de Almeida Rangel Junior.<\/p>\n<p>O processo seletivo segue as diretrizes do Regulamento do Programa de Est\u00e1gio do Minist\u00e9rio P\u00fablico da Uni\u00e3o (Portaria PGR\/MPU n\u00ba 378, de 9 de agosto de 2010), pela Resolu\u00e7\u00e3o CNMP n\u00ba 42, de 16 de junho de 2009, nos limites da Lei n\u00ba 11.788, de 25 de setembro de 2008 (Lei do Est\u00e1gio), informa o MPF.<\/p>\n<p>Confira <a class=\"internal-link\" title=\"\" href=\"http:\/\/www.mpf.mp.br\/rj\/sala-de-imprensa\/docs\/campos-dos-goytacazes\/13o-processo-seletivo-edital-no-01\" target=\"_self\">Edital<\/a>.<\/p>\n","protected":false},"excerpt":{"rendered":"<p>O prazo para inscri\u00e7\u00e3o encerra no dia 20 de fevereiro,\u00a0de 12 \u00e0s 17 horas, na Procuradoria da Rep\u00fablica no Munic\u00edpio de Campos dos Goytacazes O Minist\u00e9rio P\u00fablico Federal (MPF) em Campos far\u00e1 o 13\u00ba processo seletivo para forma\u00e7\u00e3o de cadastro de reserva de estagi\u00e1rios de Direito no dia 8 de mar\u00e7o de 2020. O \u00f3rg\u00e3o conta com 6 vagas de [&hellip;]<\/p>\n","protected":false},"author":27,"featured_media":0,"comment_status":"open","ping_status":"closed","sticky":false,"template":"","format":"standard","meta":{"footnotes":""},"categories":[2719],"tags":[13169,581,17024,116,901,1159,1291,781,1623,453,13283,1157,728,2943,1158,12602,703],"class_list":["post-15385","post","type-post","status-publish","format-standard","hentry","category-servidor","tag-auxilio-transporte","tag-bolsa","tag-campos","tag-direito","tag-estagiarios","tag-estagio","tag-inscricao","tag-inscricoes","tag-jornada","tag-mpf","tag-objetivas","tag-processo","tag-provas","tag-rj","tag-seletivo","tag-subjetiva","tag-vagas"],"_links":{"self":[{"href":"https:\/\/blogs.correiobraziliense.com.br\/servidor\/wp-json\/wp\/v2\/posts\/15385","targetHints":{"allow":["GET"]}}],"collection":[{"href":"https:\/\/blogs.correiobraziliense.com.br\/servidor\/wp-json\/wp\/v2\/posts"}],"about":[{"href":"https:\/\/blogs.correiobraziliense.com.br\/servidor\/wp-json\/wp\/v2\/types\/post"}],"author":[{"embeddable":true,"href":"https:\/\/blogs.correiobraziliense.com.br\/servidor\/wp-json\/wp\/v2\/users\/27"}],"replies":[{"embeddable":true,"href":"https:\/\/blogs.correiobraziliense.com.br\/servidor\/wp-json\/wp\/v2\/comments?post=15385"}],"version-history":[{"count":1,"href":"https:\/\/blogs.correiobraziliense.com.br\/servidor\/wp-json\/wp\/v2\/posts\/15385\/revisions"}],"predecessor-version":[{"id":15386,"href":"https:\/\/blogs.correiobraziliense.com.br\/servidor\/wp-json\/wp\/v2\/posts\/15385\/revisions\/15386"}],"wp:attachment":[{"href":"https:\/\/blogs.correiobraziliense.com.br\/servidor\/wp-json\/wp\/v2\/media?parent=15385"}],"wp:term":[{"taxonomy":"category","embeddable":true,"href":"https:\/\/blogs.correiobraziliense.com.br\/servidor\/wp-json\/wp\/v2\/categories?post=15385"},{"taxonomy":"post_tag","embeddable":true,"href":"https:\/\/blogs.correiobraziliense.com.br\/servidor\/wp-json\/wp\/v2\/tags?post=15385"}],"curies":[{"name":"wp","href":"https:\/\/api.w.org\/{rel}","templated":true}]}}