{"id":15382,"date":"2020-02-13T15:26:21","date_gmt":"2020-02-13T18:26:21","guid":{"rendered":"https:\/\/blogs.correiobraziliense.com.br\/servidor\/?p=15382"},"modified":"2020-02-13T15:27:01","modified_gmt":"2020-02-13T18:27:01","slug":"pr-trabalhadores-param-departamentos-do-bb-e-da-caixa-em-atos-contra-reestruturacao","status":"publish","type":"post","link":"https:\/\/blogs.correiobraziliense.com.br\/servidor\/pr-trabalhadores-param-departamentos-do-bb-e-da-caixa-em-atos-contra-reestruturacao\/","title":{"rendered":"PR &#8211; Trabalhadores param departamentos do BB e da Caixa em atos contra reestrutura\u00e7\u00e3o"},"content":{"rendered":"<p><em>Para movimento sindical, mudan\u00e7as nas condi\u00e7\u00f5es de trabalho dos empregados de bancos p\u00fablicos s\u00e3o preparat\u00f3rias para a privatiza\u00e7\u00e3o.\u00a0Na manh\u00e3 desta quinta-feira, 13 de fevereiro, os dois pr\u00e9dios administrativos da Caixa, na Pra\u00e7a Carlos Gomes e na Caixa Cultural, amanheceram fechados em Curitiba<\/em><\/p>\n<p>O impacto salarial \u00e9 somente um dos riscos e tamb\u00e9m dos medos dos trabalhadores da Caixa e do Banco do Brasil (BB) sobre as consequ\u00eancias dos processos de reestrutura\u00e7\u00e3o que est\u00e3o ocorrendo no que resta dos bancos p\u00fablicos do pa\u00eds. Eles tamb\u00e9m temem as remo\u00e7\u00f5es para outras cidades e alertam que a privatiza\u00e7\u00e3o dos bancos \u00e9 um ataque ao patrim\u00f4nio p\u00fablico, que pode ser entregue ao capital estrangeiro colocando em risco pol\u00edticas p\u00fablicas fundamentais para o desenvolvimento do pa\u00eds com justi\u00e7a social e distribui\u00e7\u00e3o de renda.<\/p>\n<p>Os bancos p\u00fablicos s\u00e3o importantes para o pequeno agricultor, para o agroneg\u00f3cio, para financiar a moradia popular, para financiar o saneamento b\u00e1sico ou para o Financiamento Estudantil (Fies), explicou recentemente a presidenta da Confedera\u00e7\u00e3o Nacional dos Trabalhadores do Ramo Financeiro (Contraf-CUT), Juvandia Moreira, durante ato realizado em S\u00e3o Paulo.<\/p>\n<p>Na manh\u00e3 desta quinta-feira (13), em Curitiba, trabalhadores dos dois pr\u00e9dios administrativos da Caixa, na Pra\u00e7a Carlos Gomes e na Caixa Cultural, fecharam as portas e ficaram do lado de com faixas em defesa dos bancos p\u00fablicos e contra a reestrutura\u00e7\u00e3o.<\/p>\n<p>No dia anterior, a Caixa havia abandonado uma mesa de negocia\u00e7\u00e3o com os trabalhadores se recusando a aceitar o pedido dos banc\u00e1rios que querem acesso \u00e0s planilhas e dados sobre o programa de reestrutura\u00e7\u00e3o que vem sendo executado sem dialogar com os sindicatos, alegando \u201catos de gest\u00e3o\u201d.<\/p>\n<p>\u201cA gente quer negociar, para que eles passem os n\u00fameros e para a gente conseguir verificar com os nossos estudos se isso ser\u00e1 positivo e melhor para os trabalhadores, de forma que n\u00e3o impacte negativamente na vida deles\u201d, afirma a dirigente.<\/p>\n<p>No BB, o valor das gratifica\u00e7\u00f5es pode ter redu\u00e7\u00e3o m\u00e9dia de 18%. Na Caixa, os dados s\u00e3o contradit\u00f3rios. \u201c\u00c9 um clima de medo. Uma reestrutura\u00e7\u00e3o feita de forma terrorista. Com um prazo curto, sem informa\u00e7\u00f5es. Nas mat\u00e9rias publicadas sobre a reestrutura\u00e7\u00e3o vieram mais de 4 mil d\u00favidas. Ou seja, os trabalhadores n\u00e3o foram informados de como isso est\u00e1 realmente acontecendo. Do que pode, do que n\u00e3o pode\u201d, explica a dirigente do Sindicato dos Banc\u00e1rios de Curitiba e Regi\u00e3o Clarice Weisheimer, representante do Paran\u00e1 na Comiss\u00e3o de Empregados da Caixa nas negocia\u00e7\u00f5es com o banco.<\/p>\n<p>Esses prazos curtos estabelecidos para os trabalhadores da Caixa dizem respeito a escolhas de vida. S\u00e3o relatos de o banco informar por v\u00eddeo-streaming para que definissem novos locais de trabalho com prazo ainda no mesmo dia para aderir ou n\u00e3o.<\/p>\n<p>\u201cAs remo\u00e7\u00f5es podem ter impacto salarial. Isso \u00e9 mais um dos riscos e um dos medos dos trabalhadores. Impacto salarial e o geogr\u00e1fico. Uma pessoa que tem uma estrutura de vida em um munic\u00edpio e de repente tem que se mudar e ter que avaliar ir para outro munic\u00edpio de maneira tempestiva, sem poder estudar, pensar, se organizar\u201d, explica Clarice.<\/p>\n<p>De acordo com o presidente da Federa\u00e7\u00e3o dos Trabalhadores em Empresas de Cr\u00e9dito do Paran\u00e1 (Fetec-CUT-PR), Junior Cesar Dias, os atos est\u00e3o acontecendo nacionalmente desde ontem, na Caixa, e no Banco do Brasil, e tamb\u00e9m nas diversas bases do Paran\u00e1. \u201cO que a gente n\u00e3o pode deixar acontecer nesse momento \u00e9 n\u00e3o dar respostas ao que o governo federal e a administra\u00e7\u00e3o dos bancos v\u00eam fazendo. Esse \u00e9 s\u00f3 o in\u00edcio, a gente sabe que a privatiza\u00e7\u00e3o \u00e9 a causa principal de tudo que est\u00e1 acontecendo de reestrutura\u00e7\u00e3o, tanto na Caixa quanto no Banco do Brasil. Infelizmente, o que est\u00e1 posto \u00e9 uma vontade muito grande dos administradores dos bancos e do governo federal em acabar efetivamente com essas duas empresas, Caixa e BB\u201d, diz.<\/p>\n<p>\u201cEsse ataque ao patrim\u00f4nio p\u00fablico, essa entrega do patrim\u00f4nio p\u00fablico ao capital estrangeiro \u00e9 uma pol\u00edtica do atual governo [de Jair Bolsonaro]. Isso est\u00e1 claro para n\u00f3s tamb\u00e9m, a gente j\u00e1 tinha avisado que o principal objetivo desse governo era a privatiza\u00e7\u00e3o de tudo que a gente possa imaginar. A gente n\u00e3o pode esquecer que Paulo Guedes \u00e9 banqueiro. O ministro da Economia \u00e9 banqueiro. Ent\u00e3o ele tem um interesse direto, principalmente na privatiza\u00e7\u00e3o de Caixa e BB. E tamb\u00e9m, casado com isso, a pol\u00edtica do governo federal de acabar com programas sociais\u201d, alerta o presidente da Fetec.<\/p>\n<p>Fonte: Fetec\/PR<\/p>\n","protected":false},"excerpt":{"rendered":"<p>Para movimento sindical, mudan\u00e7as nas condi\u00e7\u00f5es de trabalho dos empregados de bancos p\u00fablicos s\u00e3o preparat\u00f3rias para a privatiza\u00e7\u00e3o.\u00a0Na manh\u00e3 desta quinta-feira, 13 de fevereiro, os dois pr\u00e9dios administrativos da Caixa, na Pra\u00e7a Carlos Gomes e na Caixa Cultural, amanheceram fechados em Curitiba O impacto salarial \u00e9 somente um dos riscos e tamb\u00e9m dos medos dos trabalhadores da Caixa e do [&hellip;]<\/p>\n","protected":false},"author":27,"featured_media":0,"comment_status":"open","ping_status":"closed","sticky":false,"template":"","format":"standard","meta":{"footnotes":""},"categories":[2719],"tags":[1055,1773,12300,1453,1149,1463,661,7745,3355,3534,891,9141,260,540,5087,1454,3945,1001,1376,358,18,4319,2103,19],"class_list":["post-15382","post","type-post","status-publish","format-standard","hentry","category-servidor","tag-administrativos","tag-banco-do-brasil","tag-bancos-publicos","tag-bb","tag-caixa","tag-capital","tag-curitiba","tag-departamento","tag-desenvolvimento","tag-distribuicao","tag-empregados","tag-estrangeiro","tag-justica","tag-movimento","tag-parana","tag-patrimonio","tag-pr","tag-privatizacao","tag-reestruturacao","tag-renda","tag-salarial","tag-sindical","tag-social","tag-trabalhadores"],"_links":{"self":[{"href":"https:\/\/blogs.correiobraziliense.com.br\/servidor\/wp-json\/wp\/v2\/posts\/15382","targetHints":{"allow":["GET"]}}],"collection":[{"href":"https:\/\/blogs.correiobraziliense.com.br\/servidor\/wp-json\/wp\/v2\/posts"}],"about":[{"href":"https:\/\/blogs.correiobraziliense.com.br\/servidor\/wp-json\/wp\/v2\/types\/post"}],"author":[{"embeddable":true,"href":"https:\/\/blogs.correiobraziliense.com.br\/servidor\/wp-json\/wp\/v2\/users\/27"}],"replies":[{"embeddable":true,"href":"https:\/\/blogs.correiobraziliense.com.br\/servidor\/wp-json\/wp\/v2\/comments?post=15382"}],"version-history":[{"count":2,"href":"https:\/\/blogs.correiobraziliense.com.br\/servidor\/wp-json\/wp\/v2\/posts\/15382\/revisions"}],"predecessor-version":[{"id":15384,"href":"https:\/\/blogs.correiobraziliense.com.br\/servidor\/wp-json\/wp\/v2\/posts\/15382\/revisions\/15384"}],"wp:attachment":[{"href":"https:\/\/blogs.correiobraziliense.com.br\/servidor\/wp-json\/wp\/v2\/media?parent=15382"}],"wp:term":[{"taxonomy":"category","embeddable":true,"href":"https:\/\/blogs.correiobraziliense.com.br\/servidor\/wp-json\/wp\/v2\/categories?post=15382"},{"taxonomy":"post_tag","embeddable":true,"href":"https:\/\/blogs.correiobraziliense.com.br\/servidor\/wp-json\/wp\/v2\/tags?post=15382"}],"curies":[{"name":"wp","href":"https:\/\/api.w.org\/{rel}","templated":true}]}}