{"id":15378,"date":"2020-02-13T12:54:43","date_gmt":"2020-02-13T15:54:43","guid":{"rendered":"https:\/\/blogs.correiobraziliense.com.br\/servidor\/?p=15378"},"modified":"2020-02-13T14:48:33","modified_gmt":"2020-02-13T17:48:33","slug":"dia-nacional-de-mobilizacao-contra-o-desmonte-do-inss","status":"publish","type":"post","link":"https:\/\/blogs.correiobraziliense.com.br\/servidor\/dia-nacional-de-mobilizacao-contra-o-desmonte-do-inss\/","title":{"rendered":"Dia Nacional de Mobiliza\u00e7\u00e3o Contra o Desmonte do INSS"},"content":{"rendered":"<p><em>Centrais Sindicais fazem ato na sexta (14) em defesa do INSS. For\u00e7a Sindical, CUT, UGT, CTB, CSB, NCST, CSP-Conlutas, CGTB, Intersindical se unem no Dia Nacional de Mobiliza\u00e7\u00e3o Contra o Desmonte do INSS<\/em><\/p>\n<p>Os atos ser\u00e3o em v\u00e1rias cidades do pa\u00eds onde tenha ag\u00eancias do INSS. Em Bras\u00edlia, ser\u00e1 na sede da autarquia, no Setor Comercial Sul. Em S\u00e3o Paulo, a concentra\u00e7\u00e3o ser\u00e1 a partir das 9 horas, na ag\u00eancia da Rua Cel. Xavier de Toledo, 280. Em seguida, os manifestantes far\u00e3o uma caminhada at\u00e9 a Superintend\u00eancia do INSS, no Viaduto Santa Ifig\u00eania.<\/p>\n<p>O presidente da For\u00e7a Sindical, Miguel Torres, considera fundamental a participa\u00e7\u00e3o nos atos, por todo pa\u00eds, para alertar a sociedade e fortalecer a cobran\u00e7a ao governo sobre os problemas do \u00f3rg\u00e3o p\u00fablico e o descaso do governo diante desta realidade. \u201cQuem mais sofre com toda esta precariedade s\u00e3o os trabalhadores adoecidos e os mais pobres\u201d, critica o l\u00edder sindical.<\/p>\n<p>Agenda \u2013 Atos em defesa da Previd\u00eancia Social e melhorias no atendimento<\/p>\n<p>Data: 14 de fevereiro (sexta-feira)<\/p>\n<h4><strong>Atos marcados:<\/strong><\/h4>\n<p><strong><u>Alagoas<\/u><\/strong><\/p>\n<p>Atos em Arapiraca, S\u00e3o Jos\u00e9 de Tapera, Palmeira dos \u00cdndios, Santana de Ipanema e um ato na ag\u00eancia do INSS- Almirante \u00c1lvaro Calheiros &#8211; Mangabeiras<\/p>\n<p><strong><u>Bahia<\/u><\/strong><\/p>\n<p>Salvador: Ato Popular contra o Desmonte do INSS est\u00e1 sendo realizado nesta quinta-feira (13), na ger\u00eancia do INSS de Salvador.<br \/>\nSindicatos filiados \u00e0 CUT Bahia participam do protesto<\/p>\n<p><strong><u>Cear\u00e1<\/u><\/strong><\/p>\n<p>Fortaleza: <a href=\"https:\/\/ce.cut.org.br\/noticias\/no-dia-do-aposentado-cut-e-centrais-sindicais-protestam-contra-desmonte-do-inss-27a8\">a atividade foi realizada no final de Janeiro, em frente ao pr\u00e9dio da Superintend\u00eancia do INSS<\/a>. Trabalhadores estar\u00e3o em atividades relacionados a greve dos petroleiros e dos servidores de Baturit\u00e9, Canind\u00e9, Maracana\u00fa e Beberibe.<\/p>\n<p><strong><u>Distrito Federal\u00a0<\/u><\/strong><\/p>\n<p>Bras\u00edlia: ato \u00e0s 11h, na ag\u00eancia do INSS-SAF, Bloco O<\/p>\n<p><strong><u>Esp\u00edrito Santo<\/u><\/strong><\/p>\n<p>Vit\u00f3ria: ato nas ag\u00eancias do INSS da capital e no interior do Estado<\/p>\n<p><strong><u>Goi\u00e1s<\/u><\/strong><\/p>\n<p>Goi\u00e2nia: carreata pelo Centro da cidade e debates nas principais ag\u00eancias do INSS e ato na Ag\u00eancia do INSS de Aparecida de Goi\u00e2nia.<\/p>\n<p><strong><u>Minas Gerais<\/u><\/strong><\/p>\n<p>Belo Horizonte: assembleia dos trabalhadores da educa\u00e7\u00e3o, Correios, Petroleiros e Dataprev ser\u00e3o realizadas nesta sexta as 14h. Por isso, n\u00e3o tem atos nas ag\u00eancias.<\/p>\n<p><strong><u>Par\u00e1<\/u><\/strong><\/p>\n<p>Bel\u00e9m:\u00a0 ato na Ag\u00eancia Central do INSS, \u00e0s 8h<\/p>\n<p><strong><u>Pernambuco<\/u><\/strong><\/p>\n<p>Recife: ato \u00e0 partir das 8h na Avenida Dantas Barreto, pr\u00f3ximo ao Edif\u00edcio JK<\/p>\n<p><strong>Rio Grande do Norte<\/strong><\/p>\n<p>Natal: Ato na Ag\u00eancia do INSS de Nazar\u00e9, 8h<\/p>\n<p><strong><u>Rio Grande do Sul<\/u><\/strong><\/p>\n<p>Porto Alegre: ato \u00e0 partir das 7h na Travessa Mario Cinco Paus<\/p>\n<p><strong><u>Santa Catarina<\/u><\/strong><\/p>\n<p>Joinville: ato \u00e0s 9h, em frente \u00e0 ag\u00eancia central do INSS, Rua 9 de Mar\u00e7o, 241<\/p>\n<p>Blumenau: ato \u00e0s 12h em frente ao INSS, na Rua Pres. John Kennedy, 25<\/p>\n<p><strong><u>S\u00e3o Paulo <\/u><\/strong><\/p>\n<p>Capital: concentra\u00e7\u00e3o na ag\u00eancia da Rua Cel. Xavier de Toledo, 280, com caminhada at\u00e9 a Superintend\u00eancia do INSS no Viaduto Santa Ifig\u00eania.<\/p>\n<p>S\u00e3o Bernardo do Campo: ato \u00e0 partir das 8h na ag\u00eancia da Avenida Newton M. de Andrade, 140, no Centro.<\/p>\n<p>Santo Andr\u00e9: ato \u00e0 partir das 8h, na ag\u00eancia da Rua Adolfo Bastos, 520 &#8211; Vila Bastos<\/p>\n<p>Baixada Santista: ato \u00e0 partir das 7h na ag\u00eancia da Av. Dr. Epit\u00e1cio Pessoa, 441 em Santos<\/p>\n<p>Presidente Prudente: ato \u00e0 partir das 8h30 na Rua Siqueira Campos, 1315<\/p>\n<p>Campinas: ato \u00e0 partir das 6h30, na ag\u00eancia da Rua Barreto Leme, 1117, no Centro<\/p>\n<p>Jundia\u00ed: ato \u00e0s 9h na ag\u00eancia da Rua Bar\u00e3o de Jundia\u00ed, 1150<\/p>\n<p>Sorocaba: concentra\u00e7\u00e3o \u00e0s 8h na sede do Sindicato dos rodovi\u00e1rios (Rua Capit\u00e3o Augusto Franco, 159) com caminhada at\u00e9 a ag\u00eancia do INSS<\/p>\n<p>Itapeva: ato \u00e0s 9h em frente \u00e0 ag\u00eancia do INSS (Rua Te\u00f3filo David M\u00fcZel, 186)<\/p>\n<p><strong><u>Sergipe:<\/u><\/strong><\/p>\n<p>Aracaju: ato \u00e0 partir das 7h, em frente \u00e0 Ag\u00eancia do INSS, na Av. Ivo Prado, 448<\/p>\n","protected":false},"excerpt":{"rendered":"<p>Centrais Sindicais fazem ato na sexta (14) em defesa do INSS. For\u00e7a Sindical, CUT, UGT, CTB, CSB, NCST, CSP-Conlutas, CGTB, Intersindical se unem no Dia Nacional de Mobiliza\u00e7\u00e3o Contra o Desmonte do INSS Os atos ser\u00e3o em v\u00e1rias cidades do pa\u00eds onde tenha ag\u00eancias do INSS. Em Bras\u00edlia, ser\u00e1 na sede da autarquia, no Setor Comercial Sul. Em S\u00e3o Paulo, [&hellip;]<\/p>\n","protected":false},"author":27,"featured_media":0,"comment_status":"open","ping_status":"closed","sticky":false,"template":"","format":"standard","meta":{"footnotes":""},"categories":[2719],"tags":[879,651,5662,1101,3326,956,5393,1723,6341,2383,999,17023,870,98,3327,5396,351,2966],"class_list":["post-15378","post","type-post","status-publish","format-standard","hentry","category-servidor","tag-agencias","tag-atos","tag-autarquia","tag-centrais-sindicais","tag-cgtb","tag-cobranca","tag-concentracao","tag-csb","tag-csp-conlutas","tag-ctb","tag-cut","tag-dia-nacional-de-mobilizacao-contra-o-desmonte-do-inss","tag-forca-sindical","tag-governo","tag-intersindical","tag-manifestantes","tag-sociedade","tag-ugt"],"_links":{"self":[{"href":"https:\/\/blogs.correiobraziliense.com.br\/servidor\/wp-json\/wp\/v2\/posts\/15378","targetHints":{"allow":["GET"]}}],"collection":[{"href":"https:\/\/blogs.correiobraziliense.com.br\/servidor\/wp-json\/wp\/v2\/posts"}],"about":[{"href":"https:\/\/blogs.correiobraziliense.com.br\/servidor\/wp-json\/wp\/v2\/types\/post"}],"author":[{"embeddable":true,"href":"https:\/\/blogs.correiobraziliense.com.br\/servidor\/wp-json\/wp\/v2\/users\/27"}],"replies":[{"embeddable":true,"href":"https:\/\/blogs.correiobraziliense.com.br\/servidor\/wp-json\/wp\/v2\/comments?post=15378"}],"version-history":[{"count":3,"href":"https:\/\/blogs.correiobraziliense.com.br\/servidor\/wp-json\/wp\/v2\/posts\/15378\/revisions"}],"predecessor-version":[{"id":15381,"href":"https:\/\/blogs.correiobraziliense.com.br\/servidor\/wp-json\/wp\/v2\/posts\/15378\/revisions\/15381"}],"wp:attachment":[{"href":"https:\/\/blogs.correiobraziliense.com.br\/servidor\/wp-json\/wp\/v2\/media?parent=15378"}],"wp:term":[{"taxonomy":"category","embeddable":true,"href":"https:\/\/blogs.correiobraziliense.com.br\/servidor\/wp-json\/wp\/v2\/categories?post=15378"},{"taxonomy":"post_tag","embeddable":true,"href":"https:\/\/blogs.correiobraziliense.com.br\/servidor\/wp-json\/wp\/v2\/tags?post=15378"}],"curies":[{"name":"wp","href":"https:\/\/api.w.org\/{rel}","templated":true}]}}