{"id":15365,"date":"2020-02-12T13:44:41","date_gmt":"2020-02-12T16:44:41","guid":{"rendered":"https:\/\/blogs.correiobraziliense.com.br\/servidor\/?p=15365"},"modified":"2020-02-12T13:44:41","modified_gmt":"2020-02-12T16:44:41","slug":"justica-suspende-contribuicao-previdenciaria-extraordinaria-de-policiais-civis-do-df","status":"publish","type":"post","link":"https:\/\/blogs.correiobraziliense.com.br\/servidor\/justica-suspende-contribuicao-previdenciaria-extraordinaria-de-policiais-civis-do-df\/","title":{"rendered":"Justi\u00e7a suspende contribui\u00e7\u00e3o previdenci\u00e1ria extraordin\u00e1ria de policiais civis do DF"},"content":{"rendered":"<p><em>Ju\u00edza d\u00e1 tutela urg\u00eancia para suspender cobran\u00e7a da contribui\u00e7\u00e3o previdenci\u00e1ria extraordin\u00e1ria dos servidores sindicalizados ativos, aposentados e pensionistas da Pol\u00edcia Civil do DF e ordin\u00e1ria dos aposentados e pensionistas sindicalizados sobre valores que ultrapassem o sal\u00e1rio m\u00ednimo. Advogados do sindicato entendem que\u00a0a omiss\u00e3o da Uni\u00e3o em criar a Unidade Gestora \u00danica, que cuidar\u00e1 da administra\u00e7\u00e3o, gerenciamento e operacionaliza\u00e7\u00e3o do plano de previd\u00eancia complementar, compromete o equil\u00edbrio financeiro e atuarial e impede o direito constitucional dos trabalhadores<\/em><\/p>\n<p>A 9\u00aa Vara Federal C\u00edvel da Se\u00e7\u00e3o Judici\u00e1ria do Distrito Federal concedeu tutela antecipada de urg\u00eancia no processo de n\u00ba 1001497-51.2020.4.01.3400, do Sindicato dos Policiais Civis do Distrito Federal (Sinpol\/DF).contra a Uni\u00e3o Federal.<\/p>\n<p>Na a\u00e7\u00e3o, o Sindicato pediu a determina\u00e7\u00e3o judicial de n\u00e3o cobran\u00e7a pela Uni\u00e3o da contribui\u00e7\u00e3o previdenci\u00e1ria extraordin\u00e1ria (Art. 149, \u00a71\u00ba-B, da CF\/1988), e a suspens\u00e3o da altera\u00e7\u00e3o da margem de isen\u00e7\u00e3o dos aposentados e pensionistas (Par\u00e1grafo 1\u00ba-A), at\u00e9 que a Uni\u00e3o institua a Unidade Gestora do Regime Pr\u00f3prio de Previd\u00eancia Social da Uni\u00e3o (RPPSU), e o \u00f3rg\u00e3o competente fa\u00e7a avalia\u00e7\u00e3o atuarial e apresente resultado homologado. Al\u00e9m de, nesse e nos demais \u00f3rg\u00e3os de delibera\u00e7\u00e3o colegiada da Unidade Gestora, esteja assegurada a participa\u00e7\u00e3o parit\u00e1ria dos servidores (Art. 10 da Constitui\u00e7\u00e3o Federal).<\/p>\n<p>Os advogados do Sinpol-DF, do escrit\u00f3rio Fonseca de Melo &amp; Britto, alertam para o fato de a omiss\u00e3o da Uni\u00e3o em instituir a Unidade Gestora \u00danica, que cuidaria da administra\u00e7\u00e3o, gerenciamento e operacionaliza\u00e7\u00e3o do plano de previd\u00eancia complementar, compromete a avalia\u00e7\u00e3o do equil\u00edbrio financeiro e atuarial e impede o exerc\u00edcio do direito constitucional \u00e0 participa\u00e7\u00e3o dos trabalhadores e empregados.<\/p>\n<p>Os advogados Jo\u00e3o Marcos Fonseca de Melo e Luciana Martins, representantes processuais do Sinpol-DF\u00a0 esclarecem que, em raz\u00e3o da aus\u00eancia de Unidade Gestora \u00danica no Regime Pr\u00f3prio de Servidores da Uni\u00e3o (RPPSU), as avalia\u00e7\u00f5es atuariais previstas na Lei de Responsabilidade Fiscal (LRF) e na Portaria n\u00ba 403\/2003 \u2013 MPS ficam prejudicadas ou muitas vezes n\u00e3o refletem a situa\u00e7\u00e3o real do Regime Pr\u00f3prio de Previd\u00eancia Social (RPPS), o que, afronta os princ\u00edpios constitucionais da transpar\u00eancia e da efici\u00eancia da gest\u00e3o da Administra\u00e7\u00e3o P\u00fablica.<\/p>\n<p>Isso porque, por meio da Emenda Constitucional n\u00ba 41\/2003, foi inclu\u00eddo o par\u00e1grafo 20 no art. 40 da Constitui\u00e7\u00e3o Federal, que estabeleceu o dever de cada Regime Pr\u00f3prio de Previd\u00eancia ser administrado por uma Unidade Gestora. A regulamenta\u00e7\u00e3o foi por meio da Portaria MPS n\u00ba. 402\/2008, e a Emenda Constitucional n\u00ba 103\/2019, ao tratar da Reforma da Previd\u00eancia, &#8220;reafirmou a imprescindibilidade da Unidade Gestora no alcance do equil\u00edbrio financeiro e atuarial e determinou que futura Lei Complementar Federal disponha sobre os par\u00e2metros para apura\u00e7\u00e3o da base de c\u00e1lculo e defini\u00e7\u00e3o de al\u00edquota de contribui\u00e7\u00f5es ordin\u00e1rias e extraordin\u00e1rias, bem como sobre a defini\u00e7\u00e3o de equil\u00edbrio financeiro e atuarial&#8221;, explicam.<\/p>\n<p>Apesar dos argumentos, at\u00e9 o momento, a Uni\u00e3o n\u00e3o instituiu a Unidade Gestora do RPPSU, comprometendo a compensa\u00e7\u00e3o previdenci\u00e1ria entre os regimes e a verifica\u00e7\u00e3o dos recolhimentos dos servidores e sobretudo da parcela relativa \u00e0 cota patronal, reiteram. Isso, explica Jo\u00e3o Marcos, se deve ao fato de o procedimento para recolhimento das contribui\u00e7\u00f5es previdenci\u00e1rias do RPPS mediante GRU ser relativamente fr\u00e1gil: &#8220;possibilita que um gestor recolha valores de contribui\u00e7\u00e3o patronal como se fossem contribui\u00e7\u00e3o do servidor, e vice-versa. N\u00e3o suficiente esse cen\u00e1rio, n\u00e3o h\u00e1 qualquer \u00f3rg\u00e3o do Regime Pr\u00f3prio dos Servidores da Uni\u00e3o que fiscalize o repasse das contribui\u00e7\u00f5es previdenci\u00e1rias patronal&#8221;, enfatiza.<\/p>\n<p>Assim, por ordem judicial, concedida em sede de tutela antecipada de urg\u00eancia, foi suspensa a cobran\u00e7a das contribui\u00e7\u00f5es previdenci\u00e1rias previstas no art. 149, \u00a71\u00ba-A e \u00a71\u00ba-B, da Constitui\u00e7\u00e3o Federal, enquanto n\u00e3o seja realizada avalia\u00e7\u00e3o atuarial pelo \u00f3rg\u00e3o competente da Unidade Gestora do Regime Pr\u00f3prio de Servidores Civis da Uni\u00e3o.<\/p>\n<p><em>Fonte<\/em>: Assessoria de Comunica\u00e7\u00e3o Escrit\u00f3rio Fonseca de Melo e Britto Advogados<\/p>\n","protected":false},"excerpt":{"rendered":"<p>Ju\u00edza d\u00e1 tutela urg\u00eancia para suspender cobran\u00e7a da contribui\u00e7\u00e3o previdenci\u00e1ria extraordin\u00e1ria dos servidores sindicalizados ativos, aposentados e pensionistas da Pol\u00edcia Civil do DF e ordin\u00e1ria dos aposentados e pensionistas sindicalizados sobre valores que ultrapassem o sal\u00e1rio m\u00ednimo. Advogados do sindicato entendem que\u00a0a omiss\u00e3o da Uni\u00e3o em criar a Unidade Gestora \u00danica, que cuidar\u00e1 da administra\u00e7\u00e3o, gerenciamento e operacionaliza\u00e7\u00e3o do plano [&hellip;]<\/p>\n","protected":false},"author":27,"featured_media":0,"comment_status":"open","ping_status":"closed","sticky":false,"template":"","format":"standard","meta":{"footnotes":""},"categories":[2719],"tags":[345,865,1035,956,17013,131,68,15939,940,140,260,7157,7826,346,110,17012,409,588,1805,8,4314,1721,330,1808],"class_list":["post-15365","post","type-post","status-publish","format-standard","hentry","category-servidor","tag-aposentados","tag-ativos","tag-civis","tag-cobranca","tag-constituicao-unidade-gestora-unica","tag-contribuicao","tag-df","tag-extraordinaria","tag-fiscalizacao","tag-gru","tag-justica","tag-mps","tag-patronal","tag-pensionistas","tag-policiais","tag-pppsu","tag-previdenciarias","tag-rpps","tag-salario-minimo","tag-servidor","tag-sindicalizados","tag-sinpol-df","tag-uniao","tag-valores"],"_links":{"self":[{"href":"https:\/\/blogs.correiobraziliense.com.br\/servidor\/wp-json\/wp\/v2\/posts\/15365","targetHints":{"allow":["GET"]}}],"collection":[{"href":"https:\/\/blogs.correiobraziliense.com.br\/servidor\/wp-json\/wp\/v2\/posts"}],"about":[{"href":"https:\/\/blogs.correiobraziliense.com.br\/servidor\/wp-json\/wp\/v2\/types\/post"}],"author":[{"embeddable":true,"href":"https:\/\/blogs.correiobraziliense.com.br\/servidor\/wp-json\/wp\/v2\/users\/27"}],"replies":[{"embeddable":true,"href":"https:\/\/blogs.correiobraziliense.com.br\/servidor\/wp-json\/wp\/v2\/comments?post=15365"}],"version-history":[{"count":1,"href":"https:\/\/blogs.correiobraziliense.com.br\/servidor\/wp-json\/wp\/v2\/posts\/15365\/revisions"}],"predecessor-version":[{"id":15366,"href":"https:\/\/blogs.correiobraziliense.com.br\/servidor\/wp-json\/wp\/v2\/posts\/15365\/revisions\/15366"}],"wp:attachment":[{"href":"https:\/\/blogs.correiobraziliense.com.br\/servidor\/wp-json\/wp\/v2\/media?parent=15365"}],"wp:term":[{"taxonomy":"category","embeddable":true,"href":"https:\/\/blogs.correiobraziliense.com.br\/servidor\/wp-json\/wp\/v2\/categories?post=15365"},{"taxonomy":"post_tag","embeddable":true,"href":"https:\/\/blogs.correiobraziliense.com.br\/servidor\/wp-json\/wp\/v2\/tags?post=15365"}],"curies":[{"name":"wp","href":"https:\/\/api.w.org\/{rel}","templated":true}]}}