{"id":15352,"date":"2020-02-11T19:52:00","date_gmt":"2020-02-11T22:52:00","guid":{"rendered":"https:\/\/blogs.correiobraziliense.com.br\/servidor\/?p=15352"},"modified":"2020-02-11T19:52:00","modified_gmt":"2020-02-11T22:52:00","slug":"servidores-denunciam-paulo-guedes","status":"publish","type":"post","link":"https:\/\/blogs.correiobraziliense.com.br\/servidor\/servidores-denunciam-paulo-guedes\/","title":{"rendered":"Servidores denunciam Paulo Guedes"},"content":{"rendered":"<p><em>As provoca\u00e7\u00f5es do ministro da Economia, Paulo Guedes, aos servidores, continuam rendendo frutos negativos ao governo<\/em><\/p>\n<p>O apelido de parasitas foi a gota d\u00e1gua e tamb\u00e9m dados que n\u00e3o condizem com a realidade, como reajuste autom\u00e1tico anual para o funcionalismo. Um grupo de servidores federais dos Tr\u00eas Poderes protocolou no in\u00edcio da tarde de hoje uma representa\u00e7\u00e3o na Comiss\u00e3o de \u00c9tica da Presid\u00eancia da Rep\u00fablica, por entender que a declara\u00e7\u00e3o viola o C\u00f3digo de Conduta da Alta Administra\u00e7\u00e3o Federal e o C\u00f3digo de \u00c9tica Profissional do Servidor P\u00fablico Civil do Poder Executivo Federal.<\/p>\n<p>Como consequ\u00eancia, Guedes pode ser advertido ou ter uma recomenda\u00e7\u00e3o de exonera\u00e7\u00e3o. Mesmo que continue no cargo, porque a decis\u00e3o final cabe ao presidente Jair Bolsonaro, qualquer que seja o pedido de puni\u00e7\u00e3o do colegiado \u00e9 considerado \u201cuma mancha moral no curr\u00edculo no denunciado\u201d. Na representa\u00e7\u00e3o, o F\u00f3rum Nacional das Carreiras de Estado (Fonacate) destaca que as \u201cafirma\u00e7\u00f5es configuram desrespeito gratuito e desmedido a 12 milh\u00f5es de servidores p\u00fablicos, que buscam diuturnamente prestar servi\u00e7o de qualidade \u00e0 popula\u00e7\u00e3o brasileira, al\u00e9m de n\u00e3o condizerem com o decoro do Chefe de pasta que hoje congrega fun\u00e7\u00f5es pertinentes \u00e0 organiza\u00e7\u00e3o dos quadros de pessoal da Administra\u00e7\u00e3o P\u00fablica\u201d.<\/p>\n<p>Destaca, ainda, que Guedes, \u201cmediante discurso ultrajante a todas as categorias do servi\u00e7o p\u00fablico brasileiro, ignorou que ele pr\u00f3prio (agente p\u00fablico-pol\u00edtico) tem o dever de servir ao Estado brasileiro, como todas as demais pessoas cometidas de atribui\u00e7\u00f5es e responsabilidades constitucionais e legais regentes do quadro de pessoal da Administra\u00e7\u00e3o\u201d. Comparar \u201cservidores a parasitas\u201d n\u00e3o tem contexto justific\u00e1vel. Guedes, de acordo com a den\u00fancia, tamb\u00e9m feriu o C\u00f3digo de \u00c9tica que \u201cimp\u00f5e como dever do agente p\u00fablico o agir equilibrado entre a legalidade e a finalidade para que se consolide a moralidade do ato administrativo, bem como para que se preserve a honra e a tradi\u00e7\u00e3o do servi\u00e7o p\u00fablico\u201d.<\/p>\n<p><strong>Audi\u00eancia<\/strong><\/p>\n<p>Pela manh\u00e3, as carreiras de Estado, em audi\u00eancia p\u00fablica na Comiss\u00e3o de Direitos Humanos (CDH) do Senado fizeram um debate sobre a reforma administrativa. Apresentaram o estudo \u201cO Lugar do Funcionalismo Estadual e Municipal no Setor P\u00fablico Nacional (1986-2017)\u201d, feito em conjunto com a Frente Parlamentar Mista em Defesa do Servi\u00e7o P\u00fablico, com dados que combatem os argumentos da equipe econ\u00f4mica.<\/p>\n","protected":false},"excerpt":{"rendered":"<p>As provoca\u00e7\u00f5es do ministro da Economia, Paulo Guedes, aos servidores, continuam rendendo frutos negativos ao governo O apelido de parasitas foi a gota d\u00e1gua e tamb\u00e9m dados que n\u00e3o condizem com a realidade, como reajuste autom\u00e1tico anual para o funcionalismo. Um grupo de servidores federais dos Tr\u00eas Poderes protocolou no in\u00edcio da tarde de hoje uma representa\u00e7\u00e3o na Comiss\u00e3o de [&hellip;]<\/p>\n","protected":false},"author":27,"featured_media":0,"comment_status":"open","ping_status":"closed","sticky":false,"template":"","format":"standard","meta":{"footnotes":""},"categories":[2719],"tags":[17006,1318,1150,3568,813,1756,17007,82,1164,15187,16960,14501,17005,58],"class_list":["post-15352","post","type-post","status-publish","format-standard","hentry","category-servidor","tag-advertido","tag-codigo","tag-comissao","tag-conduta","tag-denunciam","tag-etica","tag-exoeracao","tag-fonacate","tag-funcionalismo","tag-ministro-da-economia","tag-parasitas","tag-paulo-guedes","tag-recomentacao","tag-servidores"],"_links":{"self":[{"href":"https:\/\/blogs.correiobraziliense.com.br\/servidor\/wp-json\/wp\/v2\/posts\/15352","targetHints":{"allow":["GET"]}}],"collection":[{"href":"https:\/\/blogs.correiobraziliense.com.br\/servidor\/wp-json\/wp\/v2\/posts"}],"about":[{"href":"https:\/\/blogs.correiobraziliense.com.br\/servidor\/wp-json\/wp\/v2\/types\/post"}],"author":[{"embeddable":true,"href":"https:\/\/blogs.correiobraziliense.com.br\/servidor\/wp-json\/wp\/v2\/users\/27"}],"replies":[{"embeddable":true,"href":"https:\/\/blogs.correiobraziliense.com.br\/servidor\/wp-json\/wp\/v2\/comments?post=15352"}],"version-history":[{"count":1,"href":"https:\/\/blogs.correiobraziliense.com.br\/servidor\/wp-json\/wp\/v2\/posts\/15352\/revisions"}],"predecessor-version":[{"id":15353,"href":"https:\/\/blogs.correiobraziliense.com.br\/servidor\/wp-json\/wp\/v2\/posts\/15352\/revisions\/15353"}],"wp:attachment":[{"href":"https:\/\/blogs.correiobraziliense.com.br\/servidor\/wp-json\/wp\/v2\/media?parent=15352"}],"wp:term":[{"taxonomy":"category","embeddable":true,"href":"https:\/\/blogs.correiobraziliense.com.br\/servidor\/wp-json\/wp\/v2\/categories?post=15352"},{"taxonomy":"post_tag","embeddable":true,"href":"https:\/\/blogs.correiobraziliense.com.br\/servidor\/wp-json\/wp\/v2\/tags?post=15352"}],"curies":[{"name":"wp","href":"https:\/\/api.w.org\/{rel}","templated":true}]}}