{"id":15350,"date":"2020-02-11T18:58:21","date_gmt":"2020-02-11T21:58:21","guid":{"rendered":"https:\/\/blogs.correiobraziliense.com.br\/servidor\/?p=15350"},"modified":"2020-02-11T18:58:21","modified_gmt":"2020-02-11T21:58:21","slug":"governo-irrita-servidores-ao-nao-atender-pedido-de-audiencia","status":"publish","type":"post","link":"https:\/\/blogs.correiobraziliense.com.br\/servidor\/governo-irrita-servidores-ao-nao-atender-pedido-de-audiencia\/","title":{"rendered":"Governo irrita servidores ao n\u00e3o atender pedido de audi\u00eancia"},"content":{"rendered":"<p><em>As manifesta\u00e7\u00f5es contra o governo come\u00e7aram. E com mais for\u00e7a ap\u00f3s as ofensas do ministro da Economia, Paulo Guedes, que chamou os servidores de parasitas, em palestra para empres\u00e1rios no Rio de Janeiro, na semana passada<\/em><\/p>\n<p>Se a resist\u00eancia da equipe econ\u00f4mica em abrir a mesa de negocia\u00e7\u00e3o vinha irritando o pessoal do carreir\u00e3o, desde 2019, a recusa em receber seus representantes, ontem, para uma audi\u00eancia de lan\u00e7amento oficial da campanha salarial (marcada desde 30 de janeiro), foi mais uma lenha na fogueira e a prova, segundo os servidores, de que o Dia Nacional de Paralisa\u00e7\u00e3o, em 18 de mar\u00e7o, vai angariar ainda mais o apoio da sociedade.<\/p>\n<p>\u201cN\u00e3o quiseram nos receber sequer para registrar o protocolo. Est\u00e1 claro que o governo faz quest\u00e3o de manter o clima de confronto. Vamos ter que nos mobilizar\u201d, declarou Paulo Henrique Scrivano Garrido, presidente do Sindicato Nacional dos Servidores de Ci\u00eancia, Tecnologia, Produ\u00e7\u00e3o e Inova\u00e7\u00e3o em Sa\u00fade P\u00fablica (Asfoc). A manifesta\u00e7\u00e3o, ontem, em frente \u00e0 sede do minist\u00e9rio, em Bras\u00edlia, aconteceu em um momento particularmente delicado. Est\u00e3o na mira do governo a redu\u00e7\u00e3o de at\u00e9 25% dos sal\u00e1rios e da jornada, o fim da estabilidade, o corte no n\u00famero de carreiras e o aumento do tempo de est\u00e1gio probat\u00f3rio, entre outras propostas.<\/p>\n<p>Cerca de 100 pessoas.com diversos cartazes fizeram barulho na Esplanada, sem perder o bom humor. Criaram uma par\u00f3dia da marchinha de carnaval \u201cA Jardineira\u201d, composta por Benedito Lacerda e Humberto Porto em 1938, gravada por Orlando Silva no carnaval de 1939, ironizando o termo \u201cparasita\u201d. O t\u00edtulo era \u201cPinochetar, especular, parasitar: a vida de Paulo Guedes\u201d. Na letra, destacavam: \u201c\u00d4 Paulo Guedes, sei que foste ao Chile\/O que ser\u00e1 que te apeteceu\/Foi l\u00e1 bancar o Chicago boy\/Porque no Brasil tentou mas n\u00e3o deu\/Guedes-carrapto\/Chupa o sangue do trabalhador\/\u00c9 um banqueiro\/E s\u00f3 sabe especular\/Como todo parasita\/Ele quer privatizar\u201d.<\/p>\n<p><strong>Campanha salarial<\/strong><\/p>\n<p>Os servidores querem reposi\u00e7\u00e3o das perdas salariais equivalente a 33,9%, do per\u00edodo de 2010 a 2019, e preserva\u00e7\u00e3o do poder de compra das categorias do carreir\u00e3o que tiveram aumento em duas parcelas (5,5% em agosto de 2016 e 5% em janeiro de 2017). E de 15,9% equivalentes \u00e0 defasagem salarial de julho de 2010 a dezembro de 2019 para os setores que ganharam quatro parcelas (5,5% em agosto de 2016, 6,98% em janeiro de 2017, 6,64% em janeiro de 2018 e 6,31% em janeiro de 2019). Ponto novo da campanha, em meio \u00e0s pautas hist\u00f3ricas dos servidores, \u00e9 um pedido que vai afetar toda a sociedade: a corre\u00e7\u00e3o da tabela do Imposto de Renda da Pessoa F\u00edsica (IRPF) em 103,87%. Esse percentual \u00e9 a defasagem pela infla\u00e7\u00e3o acumulada de 1996 a 2019, apurada pelo Sindicato Nacional dos Auditores-Fiscais da Receita Federal (Sindifisco).<\/p>\n<p>Querem tamb\u00e9m \u201cpol\u00edtica salarial permanente com corre\u00e7\u00e3o das distor\u00e7\u00f5es e revis\u00e3o geral anual que garanta reposi\u00e7\u00e3o das perdas inflacion\u00e1rias e incorpora\u00e7\u00e3o de todas as gratifica\u00e7\u00f5es, respeitados os acordos assinados em anos anteriores e n\u00e3o cumpridos pelo governo\u201d, o que Guedes disse que eles ganhavam, anualmente, mas que nunca aconteceu. Al\u00e9m da retirada das Propostas (PECs 186, 187 e 188) do Plano mais Brasil, apresentadas ao Congresso pelo governo em novembro de 2019; novas vagas para concurso pelo Regime Jur\u00eddico \u00danico (RJU) e reposi\u00e7\u00e3o imediata de cargos vagos por exonera\u00e7\u00e3o, falecimento ou aposentadoria; manuten\u00e7\u00e3o da estabilidade; garantia da licen\u00e7a capacita\u00e7\u00e3o; atualiza\u00e7\u00e3o da tabela das di\u00e1rias para viagens a servi\u00e7o a valores de mercado, suficiente para cobrir custos com hospedagem, alimenta\u00e7\u00e3o e transporte: revis\u00e3o da indeniza\u00e7\u00e3o do transporte; direito irrestrito de greve e negocia\u00e7\u00e3o coletiva, com base na Conven\u00e7\u00e3o 151 da Organiza\u00e7\u00e3o Internacional do Trabalho (OIT); entre outros itens.<\/p>\n","protected":false},"excerpt":{"rendered":"<p>As manifesta\u00e7\u00f5es contra o governo come\u00e7aram. E com mais for\u00e7a ap\u00f3s as ofensas do ministro da Economia, Paulo Guedes, que chamou os servidores de parasitas, em palestra para empres\u00e1rios no Rio de Janeiro, na semana passada Se a resist\u00eancia da equipe econ\u00f4mica em abrir a mesa de negocia\u00e7\u00e3o vinha irritando o pessoal do carreir\u00e3o, desde 2019, a recusa em receber [&hellip;]<\/p>\n","protected":false},"author":27,"featured_media":0,"comment_status":"open","ping_status":"closed","sticky":false,"template":"","format":"standard","meta":{"footnotes":""},"categories":[2719],"tags":[192,596,1615,5382,4177,98,15187,16960,14501,1043,58],"class_list":["post-15350","post","type-post","status-publish","format-standard","hentry","category-servidor","tag-audiencia","tag-campanha-salarial","tag-carreirao","tag-dia-nacional-de-paralisacao","tag-empresarios","tag-governo","tag-ministro-da-economia","tag-parasitas","tag-paulo-guedes","tag-resistencia","tag-servidores"],"_links":{"self":[{"href":"https:\/\/blogs.correiobraziliense.com.br\/servidor\/wp-json\/wp\/v2\/posts\/15350","targetHints":{"allow":["GET"]}}],"collection":[{"href":"https:\/\/blogs.correiobraziliense.com.br\/servidor\/wp-json\/wp\/v2\/posts"}],"about":[{"href":"https:\/\/blogs.correiobraziliense.com.br\/servidor\/wp-json\/wp\/v2\/types\/post"}],"author":[{"embeddable":true,"href":"https:\/\/blogs.correiobraziliense.com.br\/servidor\/wp-json\/wp\/v2\/users\/27"}],"replies":[{"embeddable":true,"href":"https:\/\/blogs.correiobraziliense.com.br\/servidor\/wp-json\/wp\/v2\/comments?post=15350"}],"version-history":[{"count":1,"href":"https:\/\/blogs.correiobraziliense.com.br\/servidor\/wp-json\/wp\/v2\/posts\/15350\/revisions"}],"predecessor-version":[{"id":15351,"href":"https:\/\/blogs.correiobraziliense.com.br\/servidor\/wp-json\/wp\/v2\/posts\/15350\/revisions\/15351"}],"wp:attachment":[{"href":"https:\/\/blogs.correiobraziliense.com.br\/servidor\/wp-json\/wp\/v2\/media?parent=15350"}],"wp:term":[{"taxonomy":"category","embeddable":true,"href":"https:\/\/blogs.correiobraziliense.com.br\/servidor\/wp-json\/wp\/v2\/categories?post=15350"},{"taxonomy":"post_tag","embeddable":true,"href":"https:\/\/blogs.correiobraziliense.com.br\/servidor\/wp-json\/wp\/v2\/tags?post=15350"}],"curies":[{"name":"wp","href":"https:\/\/api.w.org\/{rel}","templated":true}]}}