{"id":15346,"date":"2020-02-11T17:18:14","date_gmt":"2020-02-11T20:18:14","guid":{"rendered":"https:\/\/blogs.correiobraziliense.com.br\/servidor\/?p=15346"},"modified":"2020-02-11T17:18:14","modified_gmt":"2020-02-11T20:18:14","slug":"nota-de-apoio-a-frente-parlamentar-em-apoio-a-adocao-do-ciclo-completo-de-policia-no-brasil","status":"publish","type":"post","link":"https:\/\/blogs.correiobraziliense.com.br\/servidor\/nota-de-apoio-a-frente-parlamentar-em-apoio-a-adocao-do-ciclo-completo-de-policia-no-brasil\/","title":{"rendered":"Nota de apoio \u00e0 Frente Parlamentar em Apoio \u00e0 Ado\u00e7\u00e3o do Ciclo Completo de Pol\u00edcia no Brasil"},"content":{"rendered":"<p><em>Ciclo completo consiste na atribui\u00e7\u00e3o \u00e0 mesma corpora\u00e7\u00e3o policial das atividades repressivas ou investiga\u00e7\u00e3o criminal e da preven\u00e7\u00e3o aos delitos e manuten\u00e7\u00e3o da ordem p\u00fablica pela presen\u00e7a ostensiva dos policiais nas ruas. De acordo com a Fenapef, no Brasil, um \u00f3rg\u00e3o de pol\u00edcia faz a preven\u00e7\u00e3o ao crime e outro, a\u00a0 investiga\u00e7\u00e3o. Como exemplo, nos Estados, a Pol\u00edcia Militar tem atividade de preven\u00e7\u00e3o e a Pol\u00edcia Civil, de investiga\u00e7\u00e3o. &#8220;As estat\u00edsticas e a percep\u00e7\u00e3o de inseguran\u00e7a d\u00e3o conta de que esse modelo bipartido n\u00e3o funciona a contento&#8221;, diz a Fenapef<\/em><\/p>\n<p>Veja a nota:<\/p>\n<p>&#8220;As entidades abaixo assinadas, compostas de profissionais que militam e lutam por uma melhor e mais eficiente seguran\u00e7a p\u00fablica no Brasil, e que conformam o gabinete integrado de seguran\u00e7a p\u00fablica, apoiam e aplaudem os parlamentares e a pr\u00f3pria C\u00e2mara dos Deputados pela cria\u00e7\u00e3o da Frente Parlamentar em Apoio \u00e0 Ado\u00e7\u00e3o do Ciclo Completo de Pol\u00edcia no Brasil.<\/p>\n<p>Atualmente, h\u00e1 um forte sentimento de inseguran\u00e7a e sensa\u00e7\u00e3o de impunidade entre os cidad\u00e3os brasileiros. Isso se deve aos \u00edndices de viol\u00eancia e de criminalidade cada vez mais alarmantes. Para solucionar essa demanda, um dos avan\u00e7os necess\u00e1rios \u00e9 a reforma da estrutura de seguran\u00e7a p\u00fablica no Brasil, sobretudo no modo de atua\u00e7\u00e3o de seus \u00f3rg\u00e3os policiais. O ciclo completo \u00e9 um modelo mais eficiente, que melhora servi\u00e7os e economiza recursos. N\u00e3o por acaso, \u00e9 empregado em praticamente todos os pa\u00edses.<\/p>\n<p>Faz-se ent\u00e3o urgente, pertinente e oportuna a discuss\u00e3o de um novo modelo de pol\u00edcia para os \u00f3rg\u00e3os de seguran\u00e7a p\u00fablica, o chamado Ciclo Completo de Pol\u00edcia.O Congresso Nacional e a C\u00e2mara dos Deputados, ao avan\u00e7arem no debate e buscarem a aprova\u00e7\u00e3o urgente das propostas legislativas do ciclo completo, atendem aos mais justos anseios da popula\u00e7\u00e3o brasileira e \u00e0 opini\u00e3o quase un\u00e2nime de estudiosos e profissionais da seguran\u00e7a p\u00fablica do pa\u00eds.<\/p>\n<p>Associa\u00e7\u00e3o Nacional dos Procuradores da Rep\u00fablica (ANPR)<br \/>\nAssocia\u00e7\u00e3o Nacional dos Membros do Minist\u00e9rio P\u00fablico (CONAMP)<br \/>\nFedera\u00e7\u00e3o dos Policiais Rodovi\u00e1rios Federais (FENAPRF)<br \/>\nFedera\u00e7\u00e3o Nacional dos Policiais Federais (FENAPEF)<br \/>\nFedera\u00e7\u00e3o Nacional de Entidades de Oficiais Militares Estaduais (FENEME)<br \/>\nAssocia\u00e7\u00e3o Brasileira de Criminalistas (ABC)<br \/>\nAssocia\u00e7\u00e3o Nacional dos Peritos Criminais Federais (APCF)<br \/>\nConselho Nacional de Comandantes-Gerais das Pol\u00edcias Militares e Corpos de Bombeiros Militares do Brasil (CNCG)<br \/>\nAssocia\u00e7\u00e3o Nacional das Entidades de Pra\u00e7as (ANASPRA)<br \/>\nLiga Nacional dos Bombeiros (LIGABOM)<br \/>\nConfedera\u00e7\u00e3o Brasileira de Trabalhadores Policiais Civis (COBRAPOL)<br \/>\nAssocia\u00e7\u00e3o dos Militares Estaduais do Brasil (AMEBRASIL)&#8221;<\/p>\n","protected":false},"excerpt":{"rendered":"<p>Ciclo completo consiste na atribui\u00e7\u00e3o \u00e0 mesma corpora\u00e7\u00e3o policial das atividades repressivas ou investiga\u00e7\u00e3o criminal e da preven\u00e7\u00e3o aos delitos e manuten\u00e7\u00e3o da ordem p\u00fablica pela presen\u00e7a ostensiva dos policiais nas ruas. De acordo com a Fenapef, no Brasil, um \u00f3rg\u00e3o de pol\u00edcia faz a preven\u00e7\u00e3o ao crime e outro, a\u00a0 investiga\u00e7\u00e3o. Como exemplo, nos Estados, a Pol\u00edcia Militar tem [&hellip;]<\/p>\n","protected":false},"author":27,"featured_media":0,"comment_status":"open","ping_status":"closed","sticky":false,"template":"","format":"standard","meta":{"footnotes":""},"categories":[2719],"tags":[792,463,1531,16753,9683,2737,10794,1304,1650,722,37,1945,17002,268,1415,3596,11582,208],"class_list":["post-15346","post","type-post","status-publish","format-standard","hentry","category-servidor","tag-apoio","tag-atividades","tag-camara-dos-deputados","tag-ciclo-completo","tag-corporacao","tag-criminal","tag-delitos","tag-frente-parlamentar","tag-impunidade","tag-investigacao","tag-nota","tag-ordem","tag-ostensiva","tag-parlamentares","tag-politica","tag-prevencao","tag-repressivas","tag-seguranca"],"_links":{"self":[{"href":"https:\/\/blogs.correiobraziliense.com.br\/servidor\/wp-json\/wp\/v2\/posts\/15346","targetHints":{"allow":["GET"]}}],"collection":[{"href":"https:\/\/blogs.correiobraziliense.com.br\/servidor\/wp-json\/wp\/v2\/posts"}],"about":[{"href":"https:\/\/blogs.correiobraziliense.com.br\/servidor\/wp-json\/wp\/v2\/types\/post"}],"author":[{"embeddable":true,"href":"https:\/\/blogs.correiobraziliense.com.br\/servidor\/wp-json\/wp\/v2\/users\/27"}],"replies":[{"embeddable":true,"href":"https:\/\/blogs.correiobraziliense.com.br\/servidor\/wp-json\/wp\/v2\/comments?post=15346"}],"version-history":[{"count":1,"href":"https:\/\/blogs.correiobraziliense.com.br\/servidor\/wp-json\/wp\/v2\/posts\/15346\/revisions"}],"predecessor-version":[{"id":15347,"href":"https:\/\/blogs.correiobraziliense.com.br\/servidor\/wp-json\/wp\/v2\/posts\/15346\/revisions\/15347"}],"wp:attachment":[{"href":"https:\/\/blogs.correiobraziliense.com.br\/servidor\/wp-json\/wp\/v2\/media?parent=15346"}],"wp:term":[{"taxonomy":"category","embeddable":true,"href":"https:\/\/blogs.correiobraziliense.com.br\/servidor\/wp-json\/wp\/v2\/categories?post=15346"},{"taxonomy":"post_tag","embeddable":true,"href":"https:\/\/blogs.correiobraziliense.com.br\/servidor\/wp-json\/wp\/v2\/tags?post=15346"}],"curies":[{"name":"wp","href":"https:\/\/api.w.org\/{rel}","templated":true}]}}