{"id":1534,"date":"2016-04-18T16:39:51","date_gmt":"2016-04-18T19:39:51","guid":{"rendered":"https:\/\/blogs.correiobraziliense.com.br\/servidor\/?p=1534"},"modified":"2016-04-18T16:39:51","modified_gmt":"2016-04-18T19:39:51","slug":"quadro-incerto-aumento-idem","status":"publish","type":"post","link":"https:\/\/blogs.correiobraziliense.com.br\/servidor\/quadro-incerto-aumento-idem\/","title":{"rendered":"QUADRO INCERTO, AUMENTO IDEM"},"content":{"rendered":"<p><em>O Sindicato Nacional dos Funcion\u00e1rios do Banco Central (Sinal) convoca a classe para assembleia amanh\u00e3<\/em><\/p>\n<p>Por meio de nota, o sindicato destaca que, uma vez admitido o impedimento da presidente e o processo enviado para julgamento pelo Senado, h\u00e1 motivos razo\u00e1veis para acreditar que a C\u00e2mara federal finalmente constitua suas comiss\u00f5es permanentes para este ano parlamentar e, com isso, d\u00ea sequ\u00eancia aos projetos de lei de sua incumb\u00eancia.<\/p>\n<p>&#8220;Por um lado, \u00e9 a oportunidade de avan\u00e7ar os projetos de reajuste do funcionalismo federal, cuja primeira parcela est\u00e1 apalavrada para agosto pr\u00f3ximo. Por outro, o\u00a0<a href=\"http:\/\/www.camara.gov.br\/proposicoesWeb\/fichadetramitacao?idProposicao=2080237\" target=\"_blank\">PLP 257\/2016<\/a> tamb\u00e9m pode avan\u00e7ar, criando por si novas obriga\u00e7\u00f5es fiscais ao governo, o autor do projeto, e dificuldades na consecu\u00e7\u00e3o dos acordos assinados&#8221;, destaca o documento.<\/p>\n<p>A nota ressalta ainda que &#8220;a coisa n\u00e3o para por a\u00ed&#8221;. Nas semana passada foi encaminhado \u00e0 Casa o <a href=\"http:\/\/www25.senado.leg.br\/web\/atividade\/materias\/-\/materia\/125550\" target=\"_blank\">PLDO<\/a>, que traz, al\u00e9m da tradicional diretriz de fixar a folha de mar\u00e7o deste ano como par\u00e2metro de despesas de pessoal \u2013 fatos supervenientes, ou seja, as leis do reajuste, podem expandi-las -, tem uma novidade.<\/p>\n<p>&#8220;O ministro Valdir Sim\u00e3o, do Planejamento, declarou \u00e0 imprensa que quem ganha mais que a m\u00e9dia dos sal\u00e1rios do servi\u00e7o p\u00fablico da Uni\u00e3o pode n\u00e3o receber qualquer aumento. A quase totalidade dos servidores do BCB ganha mais que a m\u00e9dia citada&#8221;, alertou o Sinal.<\/p>\n","protected":false},"excerpt":{"rendered":"<p>O Sindicato Nacional dos Funcion\u00e1rios do Banco Central (Sinal) convoca a classe para assembleia amanh\u00e3 Por meio de nota, o sindicato destaca que, uma vez admitido o impedimento da presidente e o processo enviado para julgamento pelo Senado, h\u00e1 motivos razo\u00e1veis para acreditar que a C\u00e2mara federal finalmente constitua suas comiss\u00f5es permanentes para este ano parlamentar e, com isso, d\u00ea [&hellip;]<\/p>\n","protected":false},"author":27,"featured_media":0,"comment_status":"open","ping_status":"closed","sticky":false,"template":"","format":"standard","meta":{"footnotes":""},"categories":[1],"tags":[75,1818,61,1819,235,124,1164,1817,1061,1820,1153,1822,1300,1816,63,30,1821,1760],"class_list":["post-1534","post","type-post","status-publish","format-standard","hentry","category-sem-categoria","tag-aumento","tag-bc","tag-camara","tag-comissoes","tag-despesas","tag-federal","tag-funcionalismo","tag-incerto","tag-media","tag-permanentes","tag-pessoal","tag-pldo","tag-projetos","tag-quadro","tag-reajuste","tag-salarios","tag-sequencia","tag-sinal"],"_links":{"self":[{"href":"https:\/\/blogs.correiobraziliense.com.br\/servidor\/wp-json\/wp\/v2\/posts\/1534","targetHints":{"allow":["GET"]}}],"collection":[{"href":"https:\/\/blogs.correiobraziliense.com.br\/servidor\/wp-json\/wp\/v2\/posts"}],"about":[{"href":"https:\/\/blogs.correiobraziliense.com.br\/servidor\/wp-json\/wp\/v2\/types\/post"}],"author":[{"embeddable":true,"href":"https:\/\/blogs.correiobraziliense.com.br\/servidor\/wp-json\/wp\/v2\/users\/27"}],"replies":[{"embeddable":true,"href":"https:\/\/blogs.correiobraziliense.com.br\/servidor\/wp-json\/wp\/v2\/comments?post=1534"}],"version-history":[{"count":1,"href":"https:\/\/blogs.correiobraziliense.com.br\/servidor\/wp-json\/wp\/v2\/posts\/1534\/revisions"}],"predecessor-version":[{"id":1535,"href":"https:\/\/blogs.correiobraziliense.com.br\/servidor\/wp-json\/wp\/v2\/posts\/1534\/revisions\/1535"}],"wp:attachment":[{"href":"https:\/\/blogs.correiobraziliense.com.br\/servidor\/wp-json\/wp\/v2\/media?parent=1534"}],"wp:term":[{"taxonomy":"category","embeddable":true,"href":"https:\/\/blogs.correiobraziliense.com.br\/servidor\/wp-json\/wp\/v2\/categories?post=1534"},{"taxonomy":"post_tag","embeddable":true,"href":"https:\/\/blogs.correiobraziliense.com.br\/servidor\/wp-json\/wp\/v2\/tags?post=1534"}],"curies":[{"name":"wp","href":"https:\/\/api.w.org\/{rel}","templated":true}]}}