{"id":15339,"date":"2020-02-11T12:04:19","date_gmt":"2020-02-11T15:04:19","guid":{"rendered":"https:\/\/blogs.correiobraziliense.com.br\/servidor\/?p=15339"},"modified":"2020-02-11T12:05:05","modified_gmt":"2020-02-11T15:05:05","slug":"nasce-nova-associacao-de-servidores-do-inss","status":"publish","type":"post","link":"https:\/\/blogs.correiobraziliense.com.br\/servidor\/nasce-nova-associacao-de-servidores-do-inss\/","title":{"rendered":"Nasce nova associa\u00e7\u00e3o de servidores do INSS"},"content":{"rendered":"<p>O objetivo \u00e9 uni\u00e3o da carreira pela valoriza\u00e7\u00e3o do seguro social, em benef\u00edcio da sociedade, de acordo com Clodoaldo Nery J\u00fanior, que concorre \u00e0 presid\u00eancia nacional da Associa\u00e7\u00e3o Nacional dos Membros da Carreira do Seguro Social (Anacss), no pr\u00f3ximo dia 13 de fevereiro. Ele vai falar ao vivo, pelo <a href=\"https:\/\/www.facebook.com\/search\/top\/?q=correio%20braziliense&amp;epa=SEARCH_BOX\">Facebook do Correio Braziliense<\/a>, nesse momento, sobre como a nova entidade vai facilitar o andamento da fila de espera no INSS e sobre a solu\u00e7\u00e3o dos mais de 2 milh\u00f5es de pedidos represados<\/p>\n","protected":false},"excerpt":{"rendered":"<p>O objetivo \u00e9 uni\u00e3o da carreira pela valoriza\u00e7\u00e3o do seguro social, em benef\u00edcio da sociedade, de acordo com Clodoaldo Nery J\u00fanior, que concorre \u00e0 presid\u00eancia nacional da Associa\u00e7\u00e3o Nacional dos Membros da Carreira do Seguro Social (Anacss), no pr\u00f3ximo dia 13 de fevereiro. Ele vai falar ao vivo, pelo Facebook do Correio Braziliense, nesse momento, sobre como a nova entidade [&hellip;]<\/p>\n","protected":false},"author":27,"featured_media":0,"comment_status":"open","ping_status":"closed","sticky":false,"template":"","format":"standard","meta":{"footnotes":""},"categories":[2719],"tags":[17001,17000,930,520,11,2469,9180,58],"class_list":["post-15339","post","type-post","status-publish","format-standard","hentry","category-servidor","tag-anacss","tag-associcao","tag-espera","tag-fila","tag-inss","tag-pedidos","tag-represados","tag-servidores"],"_links":{"self":[{"href":"https:\/\/blogs.correiobraziliense.com.br\/servidor\/wp-json\/wp\/v2\/posts\/15339","targetHints":{"allow":["GET"]}}],"collection":[{"href":"https:\/\/blogs.correiobraziliense.com.br\/servidor\/wp-json\/wp\/v2\/posts"}],"about":[{"href":"https:\/\/blogs.correiobraziliense.com.br\/servidor\/wp-json\/wp\/v2\/types\/post"}],"author":[{"embeddable":true,"href":"https:\/\/blogs.correiobraziliense.com.br\/servidor\/wp-json\/wp\/v2\/users\/27"}],"replies":[{"embeddable":true,"href":"https:\/\/blogs.correiobraziliense.com.br\/servidor\/wp-json\/wp\/v2\/comments?post=15339"}],"version-history":[{"count":2,"href":"https:\/\/blogs.correiobraziliense.com.br\/servidor\/wp-json\/wp\/v2\/posts\/15339\/revisions"}],"predecessor-version":[{"id":15341,"href":"https:\/\/blogs.correiobraziliense.com.br\/servidor\/wp-json\/wp\/v2\/posts\/15339\/revisions\/15341"}],"wp:attachment":[{"href":"https:\/\/blogs.correiobraziliense.com.br\/servidor\/wp-json\/wp\/v2\/media?parent=15339"}],"wp:term":[{"taxonomy":"category","embeddable":true,"href":"https:\/\/blogs.correiobraziliense.com.br\/servidor\/wp-json\/wp\/v2\/categories?post=15339"},{"taxonomy":"post_tag","embeddable":true,"href":"https:\/\/blogs.correiobraziliense.com.br\/servidor\/wp-json\/wp\/v2\/tags?post=15339"}],"curies":[{"name":"wp","href":"https:\/\/api.w.org\/{rel}","templated":true}]}}