{"id":15327,"date":"2020-02-10T18:32:35","date_gmt":"2020-02-10T21:32:35","guid":{"rendered":"https:\/\/blogs.correiobraziliense.com.br\/servidor\/?p=15327"},"modified":"2020-02-10T18:32:35","modified_gmt":"2020-02-10T21:32:35","slug":"frente-parlamentar-convoca-guedes-para-esclarecimentos","status":"publish","type":"post","link":"https:\/\/blogs.correiobraziliense.com.br\/servidor\/frente-parlamentar-convoca-guedes-para-esclarecimentos\/","title":{"rendered":"Frente parlamentar convoca Guedes para esclarecimentos"},"content":{"rendered":"<p><em>A Frente Parlamentar Mista em Defesa do Servi\u00e7o P\u00fablico protocolou nesta segunda (10) requerimento de convoca\u00e7\u00e3o do ministro Paulo Guedes. <\/em><\/p>\n<p>O pedido \u00e9 de esclarecimentos pela declara\u00e7\u00e3o de que servidores s\u00e3o \u201cparasitas\u201d, durante pronunciamento p\u00fablico do ministro, em semin\u00e1rio da Funda\u00e7\u00e3o Getulio Vargas (FGV), no Rio de Janeiro (7\/2). Como a instala\u00e7\u00e3o das comiss\u00f5es da C\u00e2mara dos Deputados est\u00e1 prevista somente para depois do carnaval, o pedido foi protocolado diretamente no Plen\u00e1rio do Congresso Nacional.<\/p>\n<p>Segundo o coordenador da Frente, deputado Professor Israel Batista (PV-DF), \u201ca postura do ministro imp\u00f5e barreiras ao di\u00e1logo da reforma administrativa\u201d. Para o parlamentar, o car\u00e1ter persecut\u00f3rio e vilaniza\u00e7\u00e3o dos servidores dificulta a negocia\u00e7\u00e3o de propostas entre governo, Congresso e entidades representativas do servi\u00e7o p\u00fablico.<\/p>\n<p>Composta por 235 deputados e 7 senadores, a Frente protagoniza a discuss\u00e3o da reforma administrativa nos bastidores do Legislativo. Entre os temas pol\u00eamicos no radar dos parlamentares est\u00e3o o fim da estabilidade e o corte de sal\u00e1rios.<\/p>\n","protected":false},"excerpt":{"rendered":"<p>A Frente Parlamentar Mista em Defesa do Servi\u00e7o P\u00fablico protocolou nesta segunda (10) requerimento de convoca\u00e7\u00e3o do ministro Paulo Guedes. O pedido \u00e9 de esclarecimentos pela declara\u00e7\u00e3o de que servidores s\u00e3o \u201cparasitas\u201d, durante pronunciamento p\u00fablico do ministro, em semin\u00e1rio da Funda\u00e7\u00e3o Getulio Vargas (FGV), no Rio de Janeiro (7\/2). Como a instala\u00e7\u00e3o das comiss\u00f5es da C\u00e2mara dos Deputados est\u00e1 prevista [&hellip;]<\/p>\n","protected":false},"author":27,"featured_media":0,"comment_status":"open","ping_status":"closed","sticky":false,"template":"","format":"standard","meta":{"footnotes":""},"categories":[2719],"tags":[1531,693,255,258,1298,1133,620,2726,1304,1164,10,15187,16960,14501,2776,16989,30,39,58],"class_list":["post-15327","post","type-post","status-publish","format-standard","hentry","category-servidor","tag-camara-dos-deputados","tag-congresso-nacional","tag-convoca","tag-corte","tag-deputados","tag-dialogo","tag-estabilidade","tag-fgv","tag-frente-parlamentar","tag-funcionalismo","tag-legislativo","tag-ministro-da-economia","tag-parasitas","tag-paulo-guedes","tag-plenario","tag-reforma-administrativo","tag-salarios","tag-senadores","tag-servidores"],"_links":{"self":[{"href":"https:\/\/blogs.correiobraziliense.com.br\/servidor\/wp-json\/wp\/v2\/posts\/15327","targetHints":{"allow":["GET"]}}],"collection":[{"href":"https:\/\/blogs.correiobraziliense.com.br\/servidor\/wp-json\/wp\/v2\/posts"}],"about":[{"href":"https:\/\/blogs.correiobraziliense.com.br\/servidor\/wp-json\/wp\/v2\/types\/post"}],"author":[{"embeddable":true,"href":"https:\/\/blogs.correiobraziliense.com.br\/servidor\/wp-json\/wp\/v2\/users\/27"}],"replies":[{"embeddable":true,"href":"https:\/\/blogs.correiobraziliense.com.br\/servidor\/wp-json\/wp\/v2\/comments?post=15327"}],"version-history":[{"count":1,"href":"https:\/\/blogs.correiobraziliense.com.br\/servidor\/wp-json\/wp\/v2\/posts\/15327\/revisions"}],"predecessor-version":[{"id":15328,"href":"https:\/\/blogs.correiobraziliense.com.br\/servidor\/wp-json\/wp\/v2\/posts\/15327\/revisions\/15328"}],"wp:attachment":[{"href":"https:\/\/blogs.correiobraziliense.com.br\/servidor\/wp-json\/wp\/v2\/media?parent=15327"}],"wp:term":[{"taxonomy":"category","embeddable":true,"href":"https:\/\/blogs.correiobraziliense.com.br\/servidor\/wp-json\/wp\/v2\/categories?post=15327"},{"taxonomy":"post_tag","embeddable":true,"href":"https:\/\/blogs.correiobraziliense.com.br\/servidor\/wp-json\/wp\/v2\/tags?post=15327"}],"curies":[{"name":"wp","href":"https:\/\/api.w.org\/{rel}","templated":true}]}}