{"id":15323,"date":"2020-02-10T17:57:51","date_gmt":"2020-02-10T20:57:51","guid":{"rendered":"https:\/\/blogs.correiobraziliense.com.br\/servidor\/?p=15323"},"modified":"2020-02-10T17:57:51","modified_gmt":"2020-02-10T20:57:51","slug":"fenafisco-pedido-de-desculpas-de-guedes-nao-apaga-conduta-desrespeitosa","status":"publish","type":"post","link":"https:\/\/blogs.correiobraziliense.com.br\/servidor\/fenafisco-pedido-de-desculpas-de-guedes-nao-apaga-conduta-desrespeitosa\/","title":{"rendered":"Fenafisco &#8211; Pedido de desculpas de Guedes n\u00e3o apaga &#8220;conduta desrespeitosa&#8221;"},"content":{"rendered":"<p><em>A\u00a0Federa\u00e7\u00e3o Nacional do Fisco Estadual e Distrital (Fenafisco) &#8220;o\u00a0ministro Paulo Guedes \u00e9 irrespons\u00e1vel ao se utilizar do cargo e da visibilidade de sua imagem para tentar convencer os brasileiros de um discurso que banaliza os direitos dos servidores p\u00fablicos&#8221;<\/em><\/p>\n<p>Veja a nota:<\/p>\n<p>&#8220;Em meio a especula\u00e7\u00f5es de que o governo deve mudar a interlocu\u00e7\u00e3o das negocia\u00e7\u00f5es da reforma administrativa com o Congresso Nacional, o ministro da Economia, Paulo Guedes, se desculpa com familiares, amigos e jornalistas, via WhastApp, depois de comparar servidores p\u00fablicos a parasitas.<\/p>\n<p>Para a Federa\u00e7\u00e3o Nacional do Fisco Estadual e Distrital (Fenafisco), tal pedido de desculpas n\u00e3o minimiza a conduta desrespeitosa do ministro em rela\u00e7\u00e3o aos funcion\u00e1rios p\u00fablicos, em especial os auditores fiscais, que cumprem um papel fundamental para um pa\u00eds mais justo, fiscalizando o pagamento de impostos, combatendo o crime e garantindo a arrecada\u00e7\u00e3o de recursos para pol\u00edticas p\u00fablicas como sa\u00fade e educa\u00e7\u00e3o.<\/p>\n<p>Pontos interpretados como privil\u00e9gios pelo governo, como, por exemplo, estabilidade e reajuste salarial, s\u00e3o direitos dos servidores p\u00fablicos. Com a fragiliza\u00e7\u00e3o destes direitos, aqueles que est\u00e3o no governo podem utilizar os cargos p\u00fablicos para empregar, sem qualquer crit\u00e9rio t\u00e9cnico, profissionais que atendam a determinados interesses, aumentando o compadrio e o clientelismo.<br \/>\nImportante ressaltar que existem carreiras extremamente estrat\u00e9gicas e \u00e9 preciso que estes postos sejam atrativos, para que se mantenha um alto n\u00edvel de profissionais que trabalham para o Estado.<\/p>\n<p>O ministro Paulo Guedes \u00e9 irrespons\u00e1vel ao se utilizar do cargo e da visibilidade de sua imagem para tentar convencer os brasileiros de um discurso que banaliza os direitos dos servidores p\u00fablicos. Diante disso e em defesa do servi\u00e7o p\u00fablico de qualidade, \u00e9 fundamental, neste momento, a uni\u00e3o de todas as carreiras com vistas a impedir a anula\u00e7\u00e3o de direitos conquistados e os repetidos desrespeitos do governo com categorias que trabalham para a constru\u00e7\u00e3o de um pa\u00eds mais igualit\u00e1rio a todos os brasileiros.<\/p>\n<p>Federa\u00e7\u00e3o Nacional do Fisco Estadual e Distrital (Fenafisco)&#8221;<\/p>\n","protected":false},"excerpt":{"rendered":"<p>A\u00a0Federa\u00e7\u00e3o Nacional do Fisco Estadual e Distrital (Fenafisco) &#8220;o\u00a0ministro Paulo Guedes \u00e9 irrespons\u00e1vel ao se utilizar do cargo e da visibilidade de sua imagem para tentar convencer os brasileiros de um discurso que banaliza os direitos dos servidores p\u00fablicos&#8221; Veja a nota: &#8220;Em meio a especula\u00e7\u00f5es de que o governo deve mudar a interlocu\u00e7\u00e3o das negocia\u00e7\u00f5es da reforma administrativa com [&hellip;]<\/p>\n","protected":false},"author":27,"featured_media":0,"comment_status":"open","ping_status":"closed","sticky":false,"template":"","format":"standard","meta":{"footnotes":""},"categories":[2719],"tags":[7404,726,300,3568,11320,6958,619,4875,4320,3144,8835,7828,15187,16960,14501,15938,1579,16986,560],"class_list":["post-15323","post","type-post","status-publish","format-standard","hentry","category-servidor","tag-amigos","tag-brasileiro","tag-cargo","tag-conduta","tag-desculpas","tag-desrespeitosa","tag-direitos","tag-familiares","tag-fenafisco","tag-imagem","tag-irresponsavel","tag-jornalistas","tag-ministro-da-economia","tag-parasitas","tag-paulo-guedes","tag-reforma-administrativa","tag-servidores-publicos","tag-visibilidade","tag-whatsapp"],"_links":{"self":[{"href":"https:\/\/blogs.correiobraziliense.com.br\/servidor\/wp-json\/wp\/v2\/posts\/15323","targetHints":{"allow":["GET"]}}],"collection":[{"href":"https:\/\/blogs.correiobraziliense.com.br\/servidor\/wp-json\/wp\/v2\/posts"}],"about":[{"href":"https:\/\/blogs.correiobraziliense.com.br\/servidor\/wp-json\/wp\/v2\/types\/post"}],"author":[{"embeddable":true,"href":"https:\/\/blogs.correiobraziliense.com.br\/servidor\/wp-json\/wp\/v2\/users\/27"}],"replies":[{"embeddable":true,"href":"https:\/\/blogs.correiobraziliense.com.br\/servidor\/wp-json\/wp\/v2\/comments?post=15323"}],"version-history":[{"count":1,"href":"https:\/\/blogs.correiobraziliense.com.br\/servidor\/wp-json\/wp\/v2\/posts\/15323\/revisions"}],"predecessor-version":[{"id":15324,"href":"https:\/\/blogs.correiobraziliense.com.br\/servidor\/wp-json\/wp\/v2\/posts\/15323\/revisions\/15324"}],"wp:attachment":[{"href":"https:\/\/blogs.correiobraziliense.com.br\/servidor\/wp-json\/wp\/v2\/media?parent=15323"}],"wp:term":[{"taxonomy":"category","embeddable":true,"href":"https:\/\/blogs.correiobraziliense.com.br\/servidor\/wp-json\/wp\/v2\/categories?post=15323"},{"taxonomy":"post_tag","embeddable":true,"href":"https:\/\/blogs.correiobraziliense.com.br\/servidor\/wp-json\/wp\/v2\/tags?post=15323"}],"curies":[{"name":"wp","href":"https:\/\/api.w.org\/{rel}","templated":true}]}}