{"id":1532,"date":"2016-04-18T16:04:38","date_gmt":"2016-04-18T19:04:38","guid":{"rendered":"https:\/\/blogs.correiobraziliense.com.br\/servidor\/?p=1532"},"modified":"2016-04-18T16:04:38","modified_gmt":"2016-04-18T19:04:38","slug":"nota-publica-associacao-dos-magistrados-brasileiros","status":"publish","type":"post","link":"https:\/\/blogs.correiobraziliense.com.br\/servidor\/nota-publica-associacao-dos-magistrados-brasileiros\/","title":{"rendered":"NOTA P\u00daBLICA &#8211; ASSOCIA\u00c7\u00c3O DOS MAGISTRADOS BRASILEIROS"},"content":{"rendered":"<p><em>Em meio ao processo de impeachment, magistrados afirmam que continuar\u00e3o vigilantes no combate \u00e0 corrup\u00e7\u00e3o<\/em><\/p>\n<div>&#8220;Com a aprova\u00e7\u00e3o pela C\u00e2mara dos Deputados do prosseguimento do processo de impeachment contra a presidente da Rep\u00fablica, Dilma Rousseff, a Associa\u00e7\u00e3o dos Magistrados Brasileiros (AMB) alerta que os desdobramentos da decis\u00e3o n\u00e3o podem impedir os processos de combate \u00e0 corrup\u00e7\u00e3o no Pa\u00eds e defende a continuidade das investiga\u00e7\u00f5es da Opera\u00e7\u00e3o Lava Jato.<\/div>\n<div><\/div>\n<div>Em tempos decisivos para o cen\u00e1rio pol\u00edtico e econ\u00f4mico do Brasil, a independ\u00eancia e autonomia do Poder Judici\u00e1rio devem ser garantidas, principalmente, no que diz a atua\u00e7\u00e3o do Supremo Tribunal Federal (STF) na condu\u00e7\u00e3o dos processos dos r\u00e9us com foro privilegiado. Os magistrados de todo o Pa\u00eds permanecer\u00e3o vigilantes para combater quaisquer tentativas de interfer\u00eancia e para que as investiga\u00e7\u00f5es prossigam de forma transparente e com a devida celeridade.<\/div>\n<div><\/div>\n<div>Jo\u00e3o Ricardo Costa<\/div>\n<div>Presidente da AMB&#8221;<\/div>\n","protected":false},"excerpt":{"rendered":"<p>Em meio ao processo de impeachment, magistrados afirmam que continuar\u00e3o vigilantes no combate \u00e0 corrup\u00e7\u00e3o &#8220;Com a aprova\u00e7\u00e3o pela C\u00e2mara dos Deputados do prosseguimento do processo de impeachment contra a presidente da Rep\u00fablica, Dilma Rousseff, a Associa\u00e7\u00e3o dos Magistrados Brasileiros (AMB) alerta que os desdobramentos da decis\u00e3o n\u00e3o podem impedir os processos de combate \u00e0 corrup\u00e7\u00e3o no Pa\u00eds e defende [&hellip;]<\/p>\n","protected":false},"author":27,"featured_media":0,"comment_status":"open","ping_status":"closed","sticky":false,"template":"","format":"standard","meta":{"footnotes":""},"categories":[1],"tags":[1409,204,205,1814,1456,283,621,1815,562,1813,1812],"class_list":["post-1532","post","type-post","status-publish","format-standard","hentry","category-sem-categoria","tag-amb","tag-combate","tag-corrupcao","tag-foro","tag-investigacoes","tag-lava-jato","tag-magistrados","tag-privilegiado","tag-processos","tag-reus","tag-vigilantes"],"_links":{"self":[{"href":"https:\/\/blogs.correiobraziliense.com.br\/servidor\/wp-json\/wp\/v2\/posts\/1532","targetHints":{"allow":["GET"]}}],"collection":[{"href":"https:\/\/blogs.correiobraziliense.com.br\/servidor\/wp-json\/wp\/v2\/posts"}],"about":[{"href":"https:\/\/blogs.correiobraziliense.com.br\/servidor\/wp-json\/wp\/v2\/types\/post"}],"author":[{"embeddable":true,"href":"https:\/\/blogs.correiobraziliense.com.br\/servidor\/wp-json\/wp\/v2\/users\/27"}],"replies":[{"embeddable":true,"href":"https:\/\/blogs.correiobraziliense.com.br\/servidor\/wp-json\/wp\/v2\/comments?post=1532"}],"version-history":[{"count":1,"href":"https:\/\/blogs.correiobraziliense.com.br\/servidor\/wp-json\/wp\/v2\/posts\/1532\/revisions"}],"predecessor-version":[{"id":1533,"href":"https:\/\/blogs.correiobraziliense.com.br\/servidor\/wp-json\/wp\/v2\/posts\/1532\/revisions\/1533"}],"wp:attachment":[{"href":"https:\/\/blogs.correiobraziliense.com.br\/servidor\/wp-json\/wp\/v2\/media?parent=1532"}],"wp:term":[{"taxonomy":"category","embeddable":true,"href":"https:\/\/blogs.correiobraziliense.com.br\/servidor\/wp-json\/wp\/v2\/categories?post=1532"},{"taxonomy":"post_tag","embeddable":true,"href":"https:\/\/blogs.correiobraziliense.com.br\/servidor\/wp-json\/wp\/v2\/tags?post=1532"}],"curies":[{"name":"wp","href":"https:\/\/api.w.org\/{rel}","templated":true}]}}