{"id":15313,"date":"2020-02-10T16:03:23","date_gmt":"2020-02-10T19:03:23","guid":{"rendered":"https:\/\/blogs.correiobraziliense.com.br\/servidor\/?p=15313"},"modified":"2020-02-10T16:03:23","modified_gmt":"2020-02-10T19:03:23","slug":"centrais-sindicais-realizarao-no-dia-14-atos-nos-postos-do-inss-em-todo-o-pais","status":"publish","type":"post","link":"https:\/\/blogs.correiobraziliense.com.br\/servidor\/centrais-sindicais-realizarao-no-dia-14-atos-nos-postos-do-inss-em-todo-o-pais\/","title":{"rendered":"Centrais Sindicais realizar\u00e3o no dia 14 atos nos postos do INSS em todo o pa\u00eds"},"content":{"rendered":"<p><em>As Centrais Sindicais v\u00e3o fazer, no pr\u00f3ximo dia 14, atos nos postos do INSS em diversas cidades do pa\u00eds. Os atos s\u00e3o em defesa da Previd\u00eancia Social e melhorias no atendimento e servi\u00e7os do INSS.<\/em><\/p>\n<p>Em S\u00e3o Paulo, haver\u00e1 concentra\u00e7\u00e3o \u00e0s 9 horas, na Ag\u00eancia da Rua Cel. Xavier de Toledo, 280, centro. Ap\u00f3s concentra\u00e7\u00e3o, caminhada at\u00e9 a Superintend\u00eancia do INSS no Viaduto Santa Efig\u00eania.<\/p>\n<p>\u00c9 importante ressaltar a participa\u00e7\u00e3o de todos nos atos, que ser\u00e3o organizados em diversas cidades do Pa\u00eds. Milh\u00f5es de brasileiros est\u00e3o sendo prejudicados em seus pedidos de aposentadoria ou licen\u00e7a, devido a problemas de organiza\u00e7\u00e3o e gerenciamento no INSS.<\/p>\n<p>Convocamos todos os dirigentes ativistas dos sindicatos e federa\u00e7\u00f5es e confedera\u00e7\u00f5es para comparecerem aos locais dos atos com faixas e bandeiras para refor\u00e7ar esta mobiliza\u00e7\u00e3o.<\/p>\n<p>O presidente da For\u00e7a Sindical, Miguel Torres, refor\u00e7a a import\u00e2ncia de participar dos atos, como forma de cobrar o governo e alertar a sociedade sobre os problemas do \u00f3rg\u00e3o p\u00fablico e descaso do governo.<\/p>\n<p>\u201cFizeram uma nefasta reforma da Previd\u00eancia e s\u00f3 agem no improviso, sem preparo algum para resolver as precariedades do atendimento e servi\u00e7os do INSS\u201d, critica o l\u00edder sindical.<\/p>\n<p>Agenda<\/p>\n<p>Atos em defesa da Previd\u00eancia Social e melhorias no atendimento<\/p>\n<p>S\u00e3o Paulo: concentra\u00e7\u00e3o \u00e0s 9 horas, na Ag\u00eancia da Rua Cel. Xavier de Toledo, 280, centro. Ap\u00f3s concentra\u00e7\u00e3o, caminhada at\u00e9 a Superintend\u00eancia do INSS no Viaduto Santa Efig\u00eania<\/p>\n<p>Data: 14 de fevereiro (sexta-feira)<br \/>\nHor\u00e1rio: a partir das 9 horas<\/p>\n<p>A orienta\u00e7\u00e3o das centrais sindicais \u00e9 que essa atividade seja feita e todo o p\u00e1\u00eds.<\/p>\n","protected":false},"excerpt":{"rendered":"<p>As Centrais Sindicais v\u00e3o fazer, no pr\u00f3ximo dia 14, atos nos postos do INSS em diversas cidades do pa\u00eds. Os atos s\u00e3o em defesa da Previd\u00eancia Social e melhorias no atendimento e servi\u00e7os do INSS. Em S\u00e3o Paulo, haver\u00e1 concentra\u00e7\u00e3o \u00e0s 9 horas, na Ag\u00eancia da Rua Cel. Xavier de Toledo, 280, centro. Ap\u00f3s concentra\u00e7\u00e3o, caminhada at\u00e9 a Superintend\u00eancia do [&hellip;]<\/p>\n","protected":false},"author":27,"featured_media":0,"comment_status":"open","ping_status":"closed","sticky":false,"template":"","format":"standard","meta":{"footnotes":""},"categories":[2719],"tags":[551,651,1101,11,830,1603],"class_list":["post-15313","post","type-post","status-publish","format-standard","hentry","category-servidor","tag-atendimento","tag-atos","tag-centrais-sindicais","tag-inss","tag-postos","tag-previdencia-social"],"_links":{"self":[{"href":"https:\/\/blogs.correiobraziliense.com.br\/servidor\/wp-json\/wp\/v2\/posts\/15313","targetHints":{"allow":["GET"]}}],"collection":[{"href":"https:\/\/blogs.correiobraziliense.com.br\/servidor\/wp-json\/wp\/v2\/posts"}],"about":[{"href":"https:\/\/blogs.correiobraziliense.com.br\/servidor\/wp-json\/wp\/v2\/types\/post"}],"author":[{"embeddable":true,"href":"https:\/\/blogs.correiobraziliense.com.br\/servidor\/wp-json\/wp\/v2\/users\/27"}],"replies":[{"embeddable":true,"href":"https:\/\/blogs.correiobraziliense.com.br\/servidor\/wp-json\/wp\/v2\/comments?post=15313"}],"version-history":[{"count":1,"href":"https:\/\/blogs.correiobraziliense.com.br\/servidor\/wp-json\/wp\/v2\/posts\/15313\/revisions"}],"predecessor-version":[{"id":15314,"href":"https:\/\/blogs.correiobraziliense.com.br\/servidor\/wp-json\/wp\/v2\/posts\/15313\/revisions\/15314"}],"wp:attachment":[{"href":"https:\/\/blogs.correiobraziliense.com.br\/servidor\/wp-json\/wp\/v2\/media?parent=15313"}],"wp:term":[{"taxonomy":"category","embeddable":true,"href":"https:\/\/blogs.correiobraziliense.com.br\/servidor\/wp-json\/wp\/v2\/categories?post=15313"},{"taxonomy":"post_tag","embeddable":true,"href":"https:\/\/blogs.correiobraziliense.com.br\/servidor\/wp-json\/wp\/v2\/tags?post=15313"}],"curies":[{"name":"wp","href":"https:\/\/api.w.org\/{rel}","templated":true}]}}