{"id":15311,"date":"2020-02-10T15:45:33","date_gmt":"2020-02-10T18:45:33","guid":{"rendered":"https:\/\/blogs.correiobraziliense.com.br\/servidor\/?p=15311"},"modified":"2020-02-10T15:45:33","modified_gmt":"2020-02-10T18:45:33","slug":"servidores-do-topo-e-da-base-da-piramide-remuneratoria-falam-ao-vivo-sobre-declaracoes-de-paulo-guedes","status":"publish","type":"post","link":"https:\/\/blogs.correiobraziliense.com.br\/servidor\/servidores-do-topo-e-da-base-da-piramide-remuneratoria-falam-ao-vivo-sobre-declaracoes-de-paulo-guedes\/","title":{"rendered":"Servidores do topo e da base da pir\u00e2mide remunerat\u00f3ria falam, ao vivo, sobre declara\u00e7\u00f5es de Paulo Guedes"},"content":{"rendered":"<p>A conversa ser\u00e1 daqui a pouco, a partir das 16h10, ao vivo, pelo <a href=\"https:\/\/www.facebook.com\/correiobraziliense\/\">Facebook do Correio Braziliense<\/a>. Estar\u00e3o o presidente do F\u00f3rum Nacional das Carreiras de Estado (Fonacate), Rudinei Marques, e o secret\u00e1rio-geral da Confedera\u00e7\u00e3o Nacional dos Trabalhadores no Servi\u00e7o P\u00fablico Federal (Condsef), S\u00e9rgio Ronaldo da Silva. Eles explicar\u00e3o os impactos\u00a0 e as repercuss\u00f5es do discurso do ministro da Economia, Paulo Guedes, no qual chamou o funcionalismo de &#8220;parasita&#8221; no intuito de defender corte de gastos com pessoal e custeio e a reforma administrativa.<\/p>\n","protected":false},"excerpt":{"rendered":"<p>A conversa ser\u00e1 daqui a pouco, a partir das 16h10, ao vivo, pelo Facebook do Correio Braziliense. Estar\u00e3o o presidente do F\u00f3rum Nacional das Carreiras de Estado (Fonacate), Rudinei Marques, e o secret\u00e1rio-geral da Confedera\u00e7\u00e3o Nacional dos Trabalhadores no Servi\u00e7o P\u00fablico Federal (Condsef), S\u00e9rgio Ronaldo da Silva. Eles explicar\u00e3o os impactos\u00a0 e as repercuss\u00f5es do discurso do ministro da Economia, [&hellip;]<\/p>\n","protected":false},"author":27,"featured_media":0,"comment_status":"open","ping_status":"closed","sticky":false,"template":"","format":"standard","meta":{"footnotes":""},"categories":[2719],"tags":[1486,82,1164,15187,16968,14501,58],"class_list":["post-15311","post","type-post","status-publish","format-standard","hentry","category-servidor","tag-condsef","tag-fonacate","tag-funcionalismo","tag-ministro-da-economia","tag-parasita","tag-paulo-guedes","tag-servidores"],"_links":{"self":[{"href":"https:\/\/blogs.correiobraziliense.com.br\/servidor\/wp-json\/wp\/v2\/posts\/15311","targetHints":{"allow":["GET"]}}],"collection":[{"href":"https:\/\/blogs.correiobraziliense.com.br\/servidor\/wp-json\/wp\/v2\/posts"}],"about":[{"href":"https:\/\/blogs.correiobraziliense.com.br\/servidor\/wp-json\/wp\/v2\/types\/post"}],"author":[{"embeddable":true,"href":"https:\/\/blogs.correiobraziliense.com.br\/servidor\/wp-json\/wp\/v2\/users\/27"}],"replies":[{"embeddable":true,"href":"https:\/\/blogs.correiobraziliense.com.br\/servidor\/wp-json\/wp\/v2\/comments?post=15311"}],"version-history":[{"count":1,"href":"https:\/\/blogs.correiobraziliense.com.br\/servidor\/wp-json\/wp\/v2\/posts\/15311\/revisions"}],"predecessor-version":[{"id":15312,"href":"https:\/\/blogs.correiobraziliense.com.br\/servidor\/wp-json\/wp\/v2\/posts\/15311\/revisions\/15312"}],"wp:attachment":[{"href":"https:\/\/blogs.correiobraziliense.com.br\/servidor\/wp-json\/wp\/v2\/media?parent=15311"}],"wp:term":[{"taxonomy":"category","embeddable":true,"href":"https:\/\/blogs.correiobraziliense.com.br\/servidor\/wp-json\/wp\/v2\/categories?post=15311"},{"taxonomy":"post_tag","embeddable":true,"href":"https:\/\/blogs.correiobraziliense.com.br\/servidor\/wp-json\/wp\/v2\/tags?post=15311"}],"curies":[{"name":"wp","href":"https:\/\/api.w.org\/{rel}","templated":true}]}}