{"id":15301,"date":"2020-02-10T12:12:51","date_gmt":"2020-02-10T15:12:51","guid":{"rendered":"https:\/\/blogs.correiobraziliense.com.br\/servidor\/?p=15301"},"modified":"2020-02-10T12:12:51","modified_gmt":"2020-02-10T15:12:51","slug":"centrais-sindicais-reagem-a-declaracoes-de-paulo-guedes","status":"publish","type":"post","link":"https:\/\/blogs.correiobraziliense.com.br\/servidor\/centrais-sindicais-reagem-a-declaracoes-de-paulo-guedes\/","title":{"rendered":"Centrais sindicais reagem \u00e0 declara\u00e7\u00f5es de Paulo Guedes"},"content":{"rendered":"<p>Por meio de nota, as centrais sindicais reagem &#8220;\u00e0 descompostura do ministro Guedes ao funcionalismo&#8221;.\u00a0Confira nota das centrais sindicais For\u00e7a Sindical e CTB<\/p>\n<p>Veja a nota da For\u00e7a Sindical:<\/p>\n<p>&#8220;O ministro da Economia, Paulo Guedes, foi grosseiro e demonstra insensibilidade social ao fazer comparar os servidores p\u00fablicos a \u201cparasitas\u201d.<\/p>\n<p>Infelizmente, o ministro d\u00e1 clara mostra de desconhecer a import\u00e2ncia das carreiras p\u00fablicas e se esquece que seu cargo de ministro \u00e9 tamb\u00e9m de servidor.<\/p>\n<p>A descompostura do ministro ofende toda a sociedade e, em nada, ajuda a modernizar e transformar o Estado nas melhorias de presta\u00e7\u00e3o de servi\u00e7os \u00e0 popula\u00e7\u00e3o.<\/p>\n<p>Vale lembrar o descaso do INSS, que esta vinculado \u00e0 sua pasta , aos trabalhadores que buscam aposentadoria ou licen\u00e7a.<\/p>\n<p>S\u00e3o Paulo 7 de fevereiro de 2020<\/p>\n<p>Miguel Torres, presidente da For\u00e7a Sindical<\/p>\n<p>Nota da Central de Trabalhadores e trabalhadoras do Brasil CTB:<\/p>\n<p>Paulo Guedes e Bolsonaro devem desculpas aos servidores p\u00fablicos brasileiros<\/p>\n<p>Os trabalhadores e trabalhadoras do setor p\u00fablico foram chamados de \u201cparasitas\u201d pelo ministro da Economia, Paulo Guedes, enquanto falava sobre sua proposta de reforma administrativa durante um semin\u00e1rio na Funda\u00e7\u00e3o Get\u00falio Vargas.<\/p>\n<p>Ofendeu desta forma milh\u00f5es de servidores p\u00fablicos, que em condi\u00e7\u00f5es cada vez mais adversas trabalham para manter de p\u00e9 servi\u00e7os p\u00fablicos essenciais \u00e0 popula\u00e7\u00e3o que o atual governo, orientado pela ideologia do Estado m\u00ednimo, se empenha em sucatear e destruir, privatizando-os.<\/p>\n<p>O ministro de Bolsonaro tornou-se milion\u00e1rio especulando como rentista no mercado financeiro. Ou seja, uma atividade que nada produz e que pode ser definida com muita propriedade como parasita, parasit\u00e1ria que \u00e9 dos lucros gerados no setor produtivo da economia.<\/p>\n<p>Instru\u00eddo nos Estados Unidos, Guedes ocupa o Minist\u00e9rio da Economia do governo da extrema direita para radicalizar a agenda do capital contra o trabalho, servindo principalmente aos interesses do capital estrangeiro.<\/p>\n<p>A imensa maioria dos servidores p\u00fablicos vilipendiados pelo ministro rentista \u00e9 constitu\u00edda por trabalhadores e trabalhadoras que d\u00e3o duro, recebem sal\u00e1rios humildes e cujos direitos, demonizados como \u201cprivil\u00e9gios\u201d pelos neoliberais, est\u00e3o sendo impiedosamente destru\u00eddos pelas reformas e medidas impostas ao nosso povo desde o golpe de 2016.<\/p>\n<p>A reforma administrativa advogada pelo rentista Guedes tenciona impor novo arrocho salarial no setor p\u00fablico, entre outros retrocessos, mas o movimento sindical e a classe trabalhadora n\u00e3o v\u00e3o ficar passivos. A rea\u00e7\u00e3o j\u00e1 est\u00e1 agendada e deve culminar com uma greve nacional em 18 de mar\u00e7o.<\/p>\n<p>A ofensa est\u00fapida feita pelo alto funcion\u00e1rio do governo neofascista \u00e9 o sintoma de destempero diante da disposi\u00e7\u00e3o de luta daqueles cujos direitos e conquistas ele quer destruir.<\/p>\n<p>\u00c9 preciso acrescentar que o que est\u00e1 em jogo n\u00e3o \u00e9 apenas, nem principalmente, os interesses dos servidores, mas a preval\u00eancia e a qualidade dos servi\u00e7os p\u00fablicos em \u00e1reas t\u00e3o essenciais como sa\u00fade, educa\u00e7\u00e3o, previd\u00eancia e seguridade social.<\/p>\n<p>N\u00e3o se trata de uma batalha corporativa, mas de uma luta do conjunto da classe trabalhadora e do povo brasileiro. A CTB manifesta en\u00e9rgico rep\u00fadio \u00e0s declara\u00e7\u00f5es do senhor Paulo Guedes e irrestrita solidariedade aos trabalhadores e trabalhadoras do setor p\u00fablico.<\/p>\n<p>S\u00e3o Paulo, 7 de fevereiro de 2020<\/p>\n<p>Adilson Ara\u00fajo, presidente&#8221;<\/p>\n<p>&nbsp;<\/p>\n","protected":false},"excerpt":{"rendered":"<p>Por meio de nota, as centrais sindicais reagem &#8220;\u00e0 descompostura do ministro Guedes ao funcionalismo&#8221;.\u00a0Confira nota das centrais sindicais For\u00e7a Sindical e CTB Veja a nota da For\u00e7a Sindical: &#8220;O ministro da Economia, Paulo Guedes, foi grosseiro e demonstra insensibilidade social ao fazer comparar os servidores p\u00fablicos a \u201cparasitas\u201d. Infelizmente, o ministro d\u00e1 clara mostra de desconhecer a import\u00e2ncia das [&hellip;]<\/p>\n","protected":false},"author":27,"featured_media":0,"comment_status":"open","ping_status":"closed","sticky":false,"template":"","format":"standard","meta":{"footnotes":""},"categories":[2719],"tags":[1101,1218,11320,1164,14501,15938,58],"class_list":["post-15301","post","type-post","status-publish","format-standard","hentry","category-servidor","tag-centrais-sindicais","tag-declaracoes","tag-desculpas","tag-funcionalismo","tag-paulo-guedes","tag-reforma-administrativa","tag-servidores"],"_links":{"self":[{"href":"https:\/\/blogs.correiobraziliense.com.br\/servidor\/wp-json\/wp\/v2\/posts\/15301","targetHints":{"allow":["GET"]}}],"collection":[{"href":"https:\/\/blogs.correiobraziliense.com.br\/servidor\/wp-json\/wp\/v2\/posts"}],"about":[{"href":"https:\/\/blogs.correiobraziliense.com.br\/servidor\/wp-json\/wp\/v2\/types\/post"}],"author":[{"embeddable":true,"href":"https:\/\/blogs.correiobraziliense.com.br\/servidor\/wp-json\/wp\/v2\/users\/27"}],"replies":[{"embeddable":true,"href":"https:\/\/blogs.correiobraziliense.com.br\/servidor\/wp-json\/wp\/v2\/comments?post=15301"}],"version-history":[{"count":1,"href":"https:\/\/blogs.correiobraziliense.com.br\/servidor\/wp-json\/wp\/v2\/posts\/15301\/revisions"}],"predecessor-version":[{"id":15302,"href":"https:\/\/blogs.correiobraziliense.com.br\/servidor\/wp-json\/wp\/v2\/posts\/15301\/revisions\/15302"}],"wp:attachment":[{"href":"https:\/\/blogs.correiobraziliense.com.br\/servidor\/wp-json\/wp\/v2\/media?parent=15301"}],"wp:term":[{"taxonomy":"category","embeddable":true,"href":"https:\/\/blogs.correiobraziliense.com.br\/servidor\/wp-json\/wp\/v2\/categories?post=15301"},{"taxonomy":"post_tag","embeddable":true,"href":"https:\/\/blogs.correiobraziliense.com.br\/servidor\/wp-json\/wp\/v2\/tags?post=15301"}],"curies":[{"name":"wp","href":"https:\/\/api.w.org\/{rel}","templated":true}]}}