{"id":15299,"date":"2020-02-10T12:08:30","date_gmt":"2020-02-10T15:08:30","guid":{"rendered":"https:\/\/blogs.correiobraziliense.com.br\/servidor\/?p=15299"},"modified":"2020-02-10T12:08:30","modified_gmt":"2020-02-10T15:08:30","slug":"asfoc-nota-de-repudio-as-declaracoes-do-ministro-paulo-guedes","status":"publish","type":"post","link":"https:\/\/blogs.correiobraziliense.com.br\/servidor\/asfoc-nota-de-repudio-as-declaracoes-do-ministro-paulo-guedes\/","title":{"rendered":"Asfoc &#8211; Nota de rep\u00fadio \u00e0s declara\u00e7\u00f5es do ministro Paulo Guedes"},"content":{"rendered":"<p><em>O Sindicato Nacional dos Trabalhadores da Fiocruz (Asfoc-SN), por meio de nota, repudia veementemente as declara\u00e7\u00f5es do ministro da Economia, Paulo Guedes, que, entre outras muitas sandices, afirmou (07\/02) que o servidor p\u00fablico \u00e9 um \u201cparasita\u201d.<\/em><\/p>\n<p>&#8220;\u00c9 profundamente lament\u00e1vel que algu\u00e9m que se diz t\u00e3o preparado para comandar um \u201csuper minist\u00e9rio\u201d demonstre tanto desconhecimento&#8221;, destaca a Asfoc.<\/p>\n<p>Veja a nota:<\/p>\n<p>&#8220;Fica evidente que o uso ideol\u00f3gico e mentiroso de afirma\u00e7\u00f5es negativas sobre a \u00e1rea p\u00fablica faz parte de uma estrat\u00e9gia que inclui a generaliza\u00e7\u00e3o, a precariza\u00e7\u00e3o de servi\u00e7os e a privatiza\u00e7\u00e3o. Servi\u00e7o p\u00fablico de qualidade \u00e9 a garantia do exerc\u00edcio efetivo da cidadania. Estado n\u00e3o \u00e9 problema, \u00e9 parte da solu\u00e7\u00e3o!<\/p>\n<p>No discurso de ontem, num evento na Escola Brasileira de Economia e Finan\u00e7as da Funda\u00e7\u00e3o Get\u00falio Vargas, no Rio, Paulo Guedes defendeu a Reforma Administrativa como forma de aprovar o fim da estabilidade, a redu\u00e7\u00e3o em at\u00e9 25% dos sal\u00e1rios e a implementa\u00e7\u00e3o de uma pol\u00edtica de congelamento salarial permanente.<\/p>\n<p>Ele afirmou ainda, com o intuito de jogar a sociedade contra a categoria, que o servidor recebe reajuste salarial autom\u00e1tico. Desconhecimento ou m\u00e1 f\u00e9? O \u00faltimo acordo negociado com o servidor p\u00fablico federal data de 2015.<\/p>\n<p>Nos governos da Dilma tivemos recomposi\u00e7\u00e3o parcelada e abaixo da infla\u00e7\u00e3o. A partir de Temer, nem isso. De acordo com o Departamento Intersindical de Estat\u00edstica e Estudos Socioecon\u00f4micos (Dieese), o \u00edndice de perda j\u00e1 chega a 33%.<\/p>\n<p>Junto com demais entidades representativas dos servidores, o Jur\u00eddico da Asfoc trabalha com a possibilidade de entrar com uma a\u00e7\u00e3o contra as declara\u00e7\u00f5es do ministro.<\/p>\n<p>Ser parasita \u00e9 produzir vacinas e medicamentos? Ser parasita \u00e9 realizar estudos e pesquisas de refer\u00eancia nas mais distintas \u00e1reas? Ser parasita \u00e9 fazer atendimento de qualidade a pacientes com doen\u00e7as raras? Ser parasita \u00e9 construir uma rede de recep\u00e7\u00e3o e dar treinamento a m\u00e9dicos de outros pa\u00edses? Ser parasita \u00e9 estar pronto para dar respostas em qualquer emerg\u00eancia de sa\u00fade p\u00fablica como o Coronavirus, Zika e \u00c9bola? Ser parasita \u00e9 trabalhar por 120 anos em prol da sa\u00fade p\u00fablica?&#8221;<\/p>\n<p>Senhor ministro, o convidamos para conhecer um pouco da nossa rotina. Passe apenas um dia com a gente, 24 horas, e veja o que os \u201cparasitas\u201d fazem.<\/p>\n<p>Ver\u00e1 que temos orgulho em servir a popula\u00e7\u00e3o. Com respeito e dedica\u00e7\u00e3o. N\u00f3s, servidores p\u00fablicos da Fiocruz, combatemos efetivamente, literalmente, os parasitas. Essa \u00e9 a nossa miss\u00e3o. Estamos em Jornada de Lutas em defesa do servi\u00e7o p\u00fablico e nossa resposta ser\u00e1 nas ruas, com forte mobiliza\u00e7\u00e3o no dia 18 de mar\u00e7o!<\/p>\n<p>Asfoc-SN repudia afirma\u00e7\u00f5es de Paulo Guedes.&#8221;<\/p>\n","protected":false},"excerpt":{"rendered":"<p>O Sindicato Nacional dos Trabalhadores da Fiocruz (Asfoc-SN), por meio de nota, repudia veementemente as declara\u00e7\u00f5es do ministro da Economia, Paulo Guedes, que, entre outras muitas sandices, afirmou (07\/02) que o servidor p\u00fablico \u00e9 um \u201cparasita\u201d. &#8220;\u00c9 profundamente lament\u00e1vel que algu\u00e9m que se diz t\u00e3o preparado para comandar um \u201csuper minist\u00e9rio\u201d demonstre tanto desconhecimento&#8221;, destaca a Asfoc. Veja a nota: [&hellip;]<\/p>\n","protected":false},"author":27,"featured_media":0,"comment_status":"open","ping_status":"closed","sticky":false,"template":"","format":"standard","meta":{"footnotes":""},"categories":[2719],"tags":[10983,379,1218,2659,2134,6916,10769,16983,16960,14501,2961,1001,1217,8,13825],"class_list":["post-15299","post","type-post","status-publish","format-standard","hentry","category-servidor","tag-asfoc","tag-categoria","tag-declaracoes","tag-desconhecimento","tag-estrategia","tag-generalizacao","tag-ideologico","tag-negativas","tag-parasitas","tag-paulo-guedes","tag-precarizacao","tag-privatizacao","tag-repudio","tag-servidor","tag-superministerio"],"_links":{"self":[{"href":"https:\/\/blogs.correiobraziliense.com.br\/servidor\/wp-json\/wp\/v2\/posts\/15299","targetHints":{"allow":["GET"]}}],"collection":[{"href":"https:\/\/blogs.correiobraziliense.com.br\/servidor\/wp-json\/wp\/v2\/posts"}],"about":[{"href":"https:\/\/blogs.correiobraziliense.com.br\/servidor\/wp-json\/wp\/v2\/types\/post"}],"author":[{"embeddable":true,"href":"https:\/\/blogs.correiobraziliense.com.br\/servidor\/wp-json\/wp\/v2\/users\/27"}],"replies":[{"embeddable":true,"href":"https:\/\/blogs.correiobraziliense.com.br\/servidor\/wp-json\/wp\/v2\/comments?post=15299"}],"version-history":[{"count":1,"href":"https:\/\/blogs.correiobraziliense.com.br\/servidor\/wp-json\/wp\/v2\/posts\/15299\/revisions"}],"predecessor-version":[{"id":15300,"href":"https:\/\/blogs.correiobraziliense.com.br\/servidor\/wp-json\/wp\/v2\/posts\/15299\/revisions\/15300"}],"wp:attachment":[{"href":"https:\/\/blogs.correiobraziliense.com.br\/servidor\/wp-json\/wp\/v2\/media?parent=15299"}],"wp:term":[{"taxonomy":"category","embeddable":true,"href":"https:\/\/blogs.correiobraziliense.com.br\/servidor\/wp-json\/wp\/v2\/categories?post=15299"},{"taxonomy":"post_tag","embeddable":true,"href":"https:\/\/blogs.correiobraziliense.com.br\/servidor\/wp-json\/wp\/v2\/tags?post=15299"}],"curies":[{"name":"wp","href":"https:\/\/api.w.org\/{rel}","templated":true}]}}